{"id":457,"date":"2010-04-19T09:42:59","date_gmt":"2010-04-19T07:42:59","guid":{"rendered":"http:\/\/37.251.99.59:5000\/?p=457"},"modified":"2010-04-19T09:42:59","modified_gmt":"2010-04-19T07:42:59","slug":"britanci-pretukli-oca-i-sina-starovlah","status":"publish","type":"post","link":"https:\/\/srcekrajine.org\/?p=457","title":{"rendered":"Britanci pretukli oca i sina Starovlah"},"content":{"rendered":"<p>nedelja, 18 april 2010 22:21\t      <\/p>\n<p><img decoding=\"async\" src=\"http:\/\/www.vijesti-srpske.com\/images\/stories\/HRONIKA\/333.jpg\" border=\"0\" align=\"left\" \/>SARAJEVO &#8211; Pred Sudom BiH danas \u0107e po\u010deti glavno  ro\u010di\u0161te o naknadi \u0161tete po tu\u017ebi koju je porodica Starovlah podnijela  protiv BiH zbog toga \u0161to su pripadnici SFOR-a u aprilu 2004. godine  pretukli pravoslavnog sve\u0161tenika Jeremiju i njegovog sina Aleksandra  Starovlaha na Palama.    <\/p>\n<p> <!--more-->  <\/p>\n<p>Sin pretu\u010denog sve\u0161tenika Miroslav Starovlah rekao je &#8222;Glasu Srpske&#8220;  da su njegovog oca i brata pretukli pripadnici britanskih vojnih snaga i  da je ta \u010dinjenica neosporna.<\/p>\n<p>&#8211; BiH je kao dr\u017eava odgovorna \u0161to se o\u010dito kr\u0161enje ljudskih prava  mora dokazivati pred sudom. Ako BiH te\u017ei da postane ozbiljna dr\u017eava,  mora i na ovom slu\u010daju pokazati zrelost. Ovaj proces \u0107e biti najbolji  na\u010din da BiH poka\u017ee koliko je zrela i koliko joj je stalo do ljudskih  prava &#8211; kazao je Miroslav.<\/p>\n<p>Miljkan Pucar, advokat porodice Starovlah, rekao je da na dana\u0161nje  ro\u010di\u0161te, prema njegovim saznanjima, ne\u0107e do\u0107i vje\u0161taci jer nisu sa\u010dinili  svoje nalaze, kao ni jedan svjedok koji je opravdano na slu\u017ebenom putu.<\/p>\n<p>&#8211; Vjerovatno \u0107e biti saslu\u0161ane rije\u010di tu\u017eioca i svjedoka Jeremije,  jer njegov sin Aleksandar iz opravdanih zdravstvenih razloga ne\u0107e mo\u0107i  prisustvovati ro\u010di\u0161tu. Tako\u0111e bi trebalo da bude saslu\u0161an i predstavnik  Ministarstva inostranih poslova BiH &#8211; kazao je Pucar, dodav\u0161i da jo\u0161  uvijek nisu gotovi nalazi ljekara vje\u0161taka koji tako\u0111e treba da budu  izneseni pred Sudom BiH.<\/p>\n<p>Dodao je da \u0107e preostali nalazi biti izneseni na drugom ro\u010di\u0161tu.<\/p>\n<p>Pucar je podsjetio da je ve\u0107 prilo\u017eio Sudu BiH 49 pisanih dokaza i  cijeli niz materijalnih dokaza.<\/p>\n<p>Izvor: Glas Srpske<\/p>\n","protected":false},"excerpt":{"rendered":"<p>nedelja, 18 april 2010 22:21 SARAJEVO &#8211; Pred Sudom BiH danas \u0107e po\u010deti glavno ro\u010di\u0161te o naknadi \u0161tete po tu\u017ebi koju je porodica Starovlah podnijela protiv BiH zbog toga \u0161to su pripadnici SFOR-a u aprilu 2004. godine pretukli pravoslavnog sve\u0161tenika Jeremiju i njegovog sina Aleksandra Starovlaha na Palama.<\/p>\n","protected":false},"author":1,"featured_media":0,"comment_status":"open","ping_status":"open","sticky":false,"template":"","format":"standard","meta":{"footnotes":""},"categories":[1],"tags":[],"_links":{"self":[{"href":"https:\/\/srcekrajine.org\/index.php?rest_route=\/wp\/v2\/posts\/457"}],"collection":[{"href":"https:\/\/srcekrajine.org\/index.php?rest_route=\/wp\/v2\/posts"}],"about":[{"href":"https:\/\/srcekrajine.org\/index.php?rest_route=\/wp\/v2\/types\/post"}],"author":[{"embeddable":true,"href":"https:\/\/srcekrajine.org\/index.php?rest_route=\/wp\/v2\/users\/1"}],"replies":[{"embeddable":true,"href":"https:\/\/srcekrajine.org\/index.php?rest_route=%2Fwp%2Fv2%2Fcomments&post=457"}],"version-history":[{"count":0,"href":"https:\/\/srcekrajine.org\/index.php?rest_route=\/wp\/v2\/posts\/457\/revisions"}],"wp:attachment":[{"href":"https:\/\/srcekrajine.org\/index.php?rest_route=%2Fwp%2Fv2%2Fmedia&parent=457"}],"wp:term":[{"taxonomy":"category","embeddable":true,"href":"https:\/\/srcekrajine.org\/index.php?rest_route=%2Fwp%2Fv2%2Fcategories&post=457"},{"taxonomy":"post_tag","embeddable":true,"href":"https:\/\/srcekrajine.org\/index.php?rest_route=%2Fwp%2Fv2%2Ftags&post=457"}],"curies":[{"name":"wp","href":"https:\/\/api.w.org\/{rel}","templated":true}]}}