{"id":462,"date":"2010-04-22T07:02:59","date_gmt":"2010-04-22T05:02:59","guid":{"rendered":"http:\/\/37.251.99.59:5000\/?p=462"},"modified":"2010-04-22T07:02:59","modified_gmt":"2010-04-22T05:02:59","slug":"cijela-akcija-sfor-a-izvedena-smiljeno","status":"publish","type":"post","link":"https:\/\/srcekrajine.org\/?p=462","title":{"rendered":"Cijela akcija SFOR-a izvedena smi\u0161ljeno"},"content":{"rendered":"<div class=\"gl_cv paragraf\"><\/p>\n<div class=\"autor\">Datum: 19.04.2010 22:00 <br \/>Autor:\u00a0 Glas Srpske<\/div>\n<div class=\"autor\">\u017deljka Domazet<\/div>\n<p>SARAJEVO  &#8211; Cijela akcija SFOR-a izvedena je smi\u0161ljeno sa te\u0161kim posljedicama za  cijelu moju porodicu, koje \u0107e je pratiti cijelog \u017eivota.<\/p>\n<p><img decoding=\"async\" src=\"http:\/\/www.glassrpske.com\/slika\/38507\/200\/130\" border=\"0\" \/> <!--more--> <\/p>\n<p>Rekao je  to pravoslavni sve\u0161tenik Jeremija Starovlah u Sudu BiH, gdje je ju\u010de  po\u010delo glavno ro\u010di\u0161te po tu\u017ebi za nadoknadu \u0161tete koju je porodica  Starovlah podnijela protiv BiH zbog toga \u0161to su pripadnici SFOR-a aprila  2004. godine u Palama premlatili Jeremiju i njegovog sina Aleksandra. <\/p>\n<p>&#8211; Volio bih da je preko puta mene komandant SFOR-a koji je  naredio akciju da ga pitam zar ne zna \u0161ta je naredio vojnicima da \u010dine i  da li je neko od njih iza\u0161ao iz mandata naredbe. Neka upita medicinske  stru\u010dnjake Tuzle, Beograda i svijeta, koji su spremni da svjedo\u010de, da mu  ka\u017eu da nismo povrije\u0111eni od eksplozivne naprave nego brutalno  pretu\u010deni &#8211; kazao je Starovlah. Napomenuo je da su im u ku\u0107u upali i  prije akcije, u no\u0107i izme\u0111u 8. i 9. januara 2004. godine, sa kamerama i  naoru\u017eani do zuba.<\/p>\n<p>&#8211; Sve su pretresli i snimili. Na dan akcije, 1. aprila, posljednje  \u010dega se sje\u0107am je ono \u0161to sam vidio u devet \u010dasova uve\u010de &#8211; istakao je  Jeremija Starovlah.<\/p>\n<p>Napomenuo je da su u bolnici u Tuzli on i Aleksandar proveli 24 dana,  a poslije toga jedno vrijeme na Vojno-medicinskoj akademiji u Beogradu.<\/p>\n<p>&#8211; Nanijeli su nam te\u0161ke povrede opasne po \u017eivot, a za to vrijeme su  suprugu dr\u017eali na ni\u0161anu pu\u0161ke. Helikopterom su nas prebacili u Tuzlu i  od tada po\u010dinje na\u0161a borba za \u017eivot. U \u017eivotu smo zahvaljuju\u0107i  bespo\u0161tednoj borbi ljekara tuzlanske i beogradske bolnice &#8211; kazao je  Starovlah i dodao da njihova \u017eivotna i ljudska drama traje i danas.<\/p>\n<p>Starovlah je naveo da je kod Aleksandra od batina lobanja pukla na  devet mjesta, da ima duple slike i vertikalno i horizontalno i da nigdje  ne mo\u017ee da se kre\u0107e bez pratnje.<\/p>\n<p>&#8211; Tri-\u010detiri puta godi\u0161nje moramo da izdvajamo novac za banjska  lije\u010denja, a tri puta sedmi\u010dno za razli\u010dite terapije. Sve sami pla\u0107amo i  za lije\u010denje sam morao da podignem kredit. Za sve sam do sada izdvojio  oko 100.000 maraka li\u010dnih sredstava. Svojevremeno mi je NATO nudio  odre\u0111en iznos kao naknadu \u0161tete, ali su ta sredstva bila toliko mizerna  da smo ih odbili &#8211; istakao je Starovlah.<\/p>\n<p>U ime Ministarstva inostranih poslova BiH pomo\u0107nik ministra za  me\u0111unarodne pravne i konzularne poslove Zoran Perkovi\u0107 rekao je da je to  ministarstvo tri godine poku\u0161avalo da od SFOR-a, EUFOR-a i NATO-a  realizuje od\u0161tetni zahtjev ove porodice, ali da su svi poku\u0161aji bili  bezuspje\u0161ni.<\/p>\n<p>&#8211; Nije mi poznato iz kojih razloga to nije rije\u0161eno kada je niz  sli\u010dnih ili istih slu\u010dajeva rje\u0161avan bez ikakve intervencije &#8211; kazao je  Perkovi\u0107. Dodao je i da ne zna iz kojih razloga ovaj zahtjev nije  dostavljen Arbitra\u017enom sudu i Komisiji za od\u0161tetne zahtjeve jer u tim  tijelima sjede i predstavnici BiH.<\/p>\n<p>Dodao je da NATO tako\u0111e nije rekao ni to da je za ovaj zahtjev  nadle\u017ena BiH, nego da su samo isticali kako oni nisu dio tehni\u010dkog  sporazuma, te da zahtjev nema pravni osnov.<\/p>\n<h2><strong>Vitorka <\/strong><strong>i A<\/strong><strong>leksandar<\/strong><\/h2>\n<p>Jeremijina supruga Vitorka i sin Aleksandar Starovlah zbog  zdravstvenih problema ne\u0107e svjedo\u010diti pred sudom, a za njih \u0107e biti  dostavljeni nalazi ljekara.<\/p>\n<p>Idu\u0107e ro\u010di\u0161te zakazano je za 17. maj kada bi trebalo da budu  saslu\u0161ani ljekari i vje\u0161taci finansijske struke.<\/p>\n<\/p><\/div>\n","protected":false},"excerpt":{"rendered":"<p>Datum: 19.04.2010 22:00 Autor:\u00a0 Glas Srpske \u017deljka Domazet SARAJEVO &#8211; Cijela akcija SFOR-a izvedena je smi\u0161ljeno sa te\u0161kim posljedicama za cijelu moju porodicu, koje \u0107e je pratiti cijelog \u017eivota.<\/p>\n","protected":false},"author":1,"featured_media":0,"comment_status":"open","ping_status":"open","sticky":false,"template":"","format":"standard","meta":{"footnotes":""},"categories":[1],"tags":[],"_links":{"self":[{"href":"https:\/\/srcekrajine.org\/index.php?rest_route=\/wp\/v2\/posts\/462"}],"collection":[{"href":"https:\/\/srcekrajine.org\/index.php?rest_route=\/wp\/v2\/posts"}],"about":[{"href":"https:\/\/srcekrajine.org\/index.php?rest_route=\/wp\/v2\/types\/post"}],"author":[{"embeddable":true,"href":"https:\/\/srcekrajine.org\/index.php?rest_route=\/wp\/v2\/users\/1"}],"replies":[{"embeddable":true,"href":"https:\/\/srcekrajine.org\/index.php?rest_route=%2Fwp%2Fv2%2Fcomments&post=462"}],"version-history":[{"count":0,"href":"https:\/\/srcekrajine.org\/index.php?rest_route=\/wp\/v2\/posts\/462\/revisions"}],"wp:attachment":[{"href":"https:\/\/srcekrajine.org\/index.php?rest_route=%2Fwp%2Fv2%2Fmedia&parent=462"}],"wp:term":[{"taxonomy":"category","embeddable":true,"href":"https:\/\/srcekrajine.org\/index.php?rest_route=%2Fwp%2Fv2%2Fcategories&post=462"},{"taxonomy":"post_tag","embeddable":true,"href":"https:\/\/srcekrajine.org\/index.php?rest_route=%2Fwp%2Fv2%2Ftags&post=462"}],"curies":[{"name":"wp","href":"https:\/\/api.w.org\/{rel}","templated":true}]}}