{"id":463,"date":"2010-04-23T10:04:36","date_gmt":"2010-04-23T08:04:36","guid":{"rendered":"http:\/\/37.251.99.59:5000\/?p=463"},"modified":"2010-04-23T10:04:36","modified_gmt":"2010-04-23T08:04:36","slug":"karadi-svedok-izmislio-da-je-preiveo-streljanje","status":"publish","type":"post","link":"https:\/\/srcekrajine.org\/?p=463","title":{"rendered":"Karad\u017ei\u0107: Svedok izmislio da je pre\u017eiveo streljanje"},"content":{"rendered":"<h2 class=\"main-title\">Agencija Tanjug &#8211; 23 apr 2010 <br \/><\/h2>\n<div class=\"content\">\n<div class=\"field field-type-image field-field-image-for-teaser\" style=\"float: right\">\n<div class=\"field-item\"><img loading=\"lazy\" decoding=\"async\" src=\"http:\/\/www.glas-javnosti.rs\/\/files\/image_for_teaser\/radovan%20karadzic.jpg\" border=\"0\" width=\"300\" height=\"180\" \/><\/div>\n<\/p><\/div>\n<p>\u00a0<\/p>\n<p>HAG &#8211; Biv\u0161i predsednik Republike Srpske Radovan Karad\u017ei\u0107 tvrdio je  ju\u010de pred Ha\u0161kim tribunalom da je svedok optu\u017ebe KD\u017d-064 izmislio da je u  julu 1995. godine pre\u017eiveo streljanje stotina muslimana iz Srebrenice  koje su u selu Orahovac kod Zvornika po\u010dinili pripadnici Vojske  Republike Srpske (VRS). <\/p>\n<p> <!--more-->  <\/p>\n<p>Svedok je, me\u0111utim, ostao pri iskazu da je 14. jula 1995. godine  pre\u017eiveo streljanje izme\u0111u 500 i 1.000 muslimanskih mu\u0161karaca u blizini  \u0161kole u Orahovcu. Biv\u0161i predsednik Republike Srpske optu\u017een je za  genocid u Srebrenici i jo\u0161 sedam op\u0161tina u BiH, zlo\u010dine protiv  \u010dove\u010dnosti nad muslimanima i Hrvatima, kao i za uzimanje me\u0111unarodnih  talaca od 1992. do 1995. godine. <\/p>\n<p>&#8222;Tvrdim da vi niste bili na streljanju, niste streljani, niti ste  bili spaseni i da ste sve izmislili&#8230; \u0160ta vi na to ka\u017eete&#8220;, rekao je  Karad\u017ei\u0107 svedoku tokom unakrsnog ispitivanja, ne navode\u0107i na \u010demu  temelji tu tvrdnju. <\/p>\n<p>Ostaju\u0107i pri svedo\u010denju, KD\u017d-064 je Karad\u017ei\u0107u povi\u0161enim glasom  uzvratio: &#8222;Dabogda ti, Karad\u017ei\u0107u, svojoj deci pogledao mrtvima u o\u010di kao  \u0161to su tamo majke gledale svoju decu&#8220;. Karad\u017ei\u0107 je svedoku kazao i da  &#8222;nije \u017ertva, nego borac&#8220;, \u0161to je KD\u017d-064 odbacio, potvr\u0111uju\u0107i, me\u0111utim,  da je bio u Armiji BiH, ali da nije imao oru\u017eje. Svedok je ponovio i da  su mu se srpski vojnici u \u0161koli u Orahovcu predstavili kao &#8222;Karad\u017ei\u0107evi  golobradi \u010detnici&#8220;, na \u0161ta je Karad\u017ei\u0107 odvratio da je on &#8222;ukinuo  partizane i \u010detnike&#8220;. <\/p>\n<p>Na sugestiju optu\u017eenog, KD\u017d-064 je potvrdio da &#8222;Srebrenica nije  branjena&#8220; i da je &#8222;prepu\u0161tena Srbima u ruke&#8220;. Svedok je, me\u0111utim,  Karad\u017ei\u0107a optu\u017eivao da je &#8222;preko radija pretio osvetom&#8220; Srebreni\u010danima i  da je nad stanovni\u0161tvom enklave zatim postupio &#8222;po kratkom postupku&#8220;,  sprovode\u0107i etni\u010dko \u010di\u0161\u0107enje. &#8222;To \u0107e va\u0161e tu\u017eila\u0161tvo morati da doka\u017ee&#8220;,  odgovorio je Karad\u017ei\u0107, nazivaju\u0107i svedoka &#8211; koji je iskaz ranije dao na  pet su\u0111enja pred Tribunalom &#8211; &#8222;omiljenim svedokom&#8220; tu\u017eilaca. Prete\u017eni  deo unakrsnog ispitivanja, Karad\u017ei\u0107 je posvetio periodu pre pada  Srebrenice i doga\u0111ajima od 1992. do 1993. godine. Biv\u0161i predsednik RS je  tvrdio da su u svedokovom kraju prona\u0111ene \u010detiri masovne grobnice sa  srpskim \u017ertvama, od kojih su neke bile unaka\u017eene. <\/p>\n<p>Svedok je prihvatio da je ubijeno &#8222;podosta&#8220; Srba, ali je sugerisao da  se to dogodilo u borbi. Karad\u017ei\u0107 je rekao i da je tokom srebreni\u010dke  krize 1993. godine &#8222;zaustavio VRS&#8220; kojoj su muslimanske snage stalno  &#8222;pucale u le\u0111a&#8220;, da ne u\u0111e u enklavu zato \u0161to se &#8222;pla\u0161io osvete za 1.200  Srba koji su do tada bili ubijeni&#8220;. <\/p>\n<p>U tom smislu, protuma\u010dio je i da je tada\u0161nji komandant Unprofora,  francuski general Filip Morijon, ulaskom u Srebrenicu spasao i srpsku  stranu. U nastavku su\u0111enja, svedo\u010di\u0107e ameri\u010dki diplomata Herbert Okun,  koji se s Karad\u017ei\u0107em, tokom rata u BiH, sastajao kao zamenik mirovnih  izaslanika UN. <\/p>\n<p>\u00a0Pretresno ve\u0107e Tribunala pro\u0161le nedelje je saslu\u0161alo iskaze prva dva  svedoka optu\u017ebe protiv Karad\u017ei\u0107a, Ahmeta Zuli\u0107a i Sulejmana Crn\u010dala,  koji su govorili o zlo\u010dinima nad muslimanima u Sanskom Mostu i na  Palama, odnosno u Sarajevu.<\/p>\n<\/p><\/div>\n","protected":false},"excerpt":{"rendered":"<p>Agencija Tanjug &#8211; 23 apr 2010 \u00a0 HAG &#8211; Biv\u0161i predsednik Republike Srpske Radovan Karad\u017ei\u0107 tvrdio je ju\u010de pred Ha\u0161kim tribunalom da je svedok optu\u017ebe KD\u017d-064 izmislio da je u julu 1995. godine pre\u017eiveo streljanje stotina muslimana iz Srebrenice koje su u selu Orahovac kod Zvornika po\u010dinili pripadnici Vojske Republike Srpske (VRS).<\/p>\n","protected":false},"author":1,"featured_media":0,"comment_status":"open","ping_status":"open","sticky":false,"template":"","format":"standard","meta":{"footnotes":""},"categories":[1],"tags":[],"_links":{"self":[{"href":"https:\/\/srcekrajine.org\/index.php?rest_route=\/wp\/v2\/posts\/463"}],"collection":[{"href":"https:\/\/srcekrajine.org\/index.php?rest_route=\/wp\/v2\/posts"}],"about":[{"href":"https:\/\/srcekrajine.org\/index.php?rest_route=\/wp\/v2\/types\/post"}],"author":[{"embeddable":true,"href":"https:\/\/srcekrajine.org\/index.php?rest_route=\/wp\/v2\/users\/1"}],"replies":[{"embeddable":true,"href":"https:\/\/srcekrajine.org\/index.php?rest_route=%2Fwp%2Fv2%2Fcomments&post=463"}],"version-history":[{"count":0,"href":"https:\/\/srcekrajine.org\/index.php?rest_route=\/wp\/v2\/posts\/463\/revisions"}],"wp:attachment":[{"href":"https:\/\/srcekrajine.org\/index.php?rest_route=%2Fwp%2Fv2%2Fmedia&parent=463"}],"wp:term":[{"taxonomy":"category","embeddable":true,"href":"https:\/\/srcekrajine.org\/index.php?rest_route=%2Fwp%2Fv2%2Fcategories&post=463"},{"taxonomy":"post_tag","embeddable":true,"href":"https:\/\/srcekrajine.org\/index.php?rest_route=%2Fwp%2Fv2%2Ftags&post=463"}],"curies":[{"name":"wp","href":"https:\/\/api.w.org\/{rel}","templated":true}]}}