{"id":465,"date":"2010-04-24T05:32:08","date_gmt":"2010-04-24T03:32:08","guid":{"rendered":"http:\/\/37.251.99.59:5000\/?p=465"},"modified":"2010-04-24T05:32:08","modified_gmt":"2010-04-24T03:32:08","slug":"srbi-sa-kosova-i-metohije-odseeni-od-sveta","status":"publish","type":"post","link":"https:\/\/srcekrajine.org\/?p=465","title":{"rendered":"Srbi sa Kosova i Metohije odse\u010deni od sveta!"},"content":{"rendered":"<div class=\"content\">\n<div class=\"field field-type-image field-field-image-for-teaser\" style=\"float: right\">\n<div class=\"field-item\"><img loading=\"lazy\" decoding=\"async\" src=\"http:\/\/www.glas-javnosti.rs\/\/files\/image_for_teaser\/KOSOVO.jpg\" border=\"0\" width=\"350\" height=\"270\" \/><\/div>\n<\/p><\/div>\n<p>BEOGRAD &#8211; U vreme u\u010destalih poziva Ta\u010dijeve vlade da se Srbi vrate na  svoja ognji\u0161ta, u praksi se \u010dine sve ve\u0107i koraci ka etni\u010dki \u010distom  Kosovu i Metohiji! Posle organizovanog kamenovanja povratnika u \u017da\u010du,  Srbi na centralnog Kosmeta od ju\u010de su odse\u010deni od sveta!<\/p>\n<p> <!--more--> <\/p>\n<div class=\"field field-type-text field-field-antrfile\">\n<div class=\"field-item\">\n<p><strong>Ra\u0161i\u0107: Tra\u017eio sam kompromis<\/strong><\/p>\n<p>Ministar u kosovskoj vladi Nenad Ra\u0161i\u0107 ka\u017ee da je isklju\u010deno 14  baznih stanica mobilne i fiksne telefonije Telekoma Srbije i Telenora, a  da je za danas najavljeno isklju\u010denje i preostalih 10 stanica. On  dodaje da je tra\u017eio prekid presecanja kablova i isklju\u010divanja antena  mre\u017ee mobilne telefonije.<br \/> &#8211; Tra\u017eio sam kompromis i prekid razaranja sistema telekomunikacija &#8211;  ka\u017ee Ra\u0161i\u0107.<\/p>\n<p><strong>Telekom isklju\u010dio internet Kosovu<\/strong><\/p>\n<p>Menad\u017ement Telekoma Srbije izdao je ju\u010de nalog da se obustavi dotok  Telekomovog internet signala provajderima na Kosovu i Metohiji, saznaje  nezvani\u010dno agencija Beta. Radnici Telekoma Srbije trenutno poku\u0161avaju da  osposobe fiksnu telefoniju u selima oko Gra\u010danice.<\/p>\n<p><strong>Operateri: Vandalski \u010din!<\/strong><\/p>\n<p>Iz kompanije Telenor ka\u017eu da je signal njihove mre\u017ee na podru\u010dju  centralnog Kosova slabiji ili znatno smanjen. Informaciju da je njihova  oprema uklonjena s tog podru\u010dja dobili su na osnovu uvida centra u  Beogradu, dodaju\u0107i da ne mogu da znaju konkretno stanje bez fizi\u010dkog  pristupa predajnicima.<br \/> Kompanija VIP mobajl saop\u0161tila je da je njihova mre\u017ena infrastruktura na  KIM u funkciji. Kako se navodi iz ove kompanije, na teritoriji Kosova  imaju samo nekoliko predajnika, a oni nisu postavljeni na lokacijama na  kojima su radnici Regulatornog tela za telekomunikacije Kosova skinuli  antene i presekli kablove.<br \/> U kompaniji Telekom ovaj potez privremenih kosovskih institucija ocenili  su kao vandalski \u010din.<\/p>\n<\/p><\/div>\n<\/div>\n<p>Radnici Regulatornog tela za telekomunikacije Kosova, uz podr\u0161ku  specijalnih jedinica KPS, ju\u010de su poskidali antene i presekli kablove na  baznim stanicama srpskih provajdera mobilne telefonije u ovom delu KiM.  Oprema je uklonjena s baznih stanica u Badovcu kod Gra\u010danice, Gu\u0161terici  kod Lipljana i Babinom Mostu kod Obili\u0107a, a bez signala mobilne  telefonije trenutno je oko 40.000 Srba!<\/p>\n<p>Predsednik Vlade Mirko Cvetkovi\u0107 smatra da je re\u010d o poku\u0161aju nove  izolacije kosovskih Srba i poziva predstavnike me\u0111unarodnih mirovnih  misija da spre\u010de incidente sa srpskim stanovni\u0161tvom u toj pokrajini.<br \/> &#8211; Pritisci ekstremista na povratnike, kao i ukidanje mre\u017ee mobilnih  operatera iz Srbije od strane privremenih vlasti u pokrajini, stvaraju  nove napetosti i atmosferu nesigurnosti i straha me\u0111u Srbima na Kosovu i  Metohiji &#8211; isti\u010de Cvetkovi\u0107.<\/p>\n<p>Dr\u017eavni sekretar Ministarstva za KiM Oliver Ivanovi\u0107 ka\u017ee da je na  sceni priprema za proterivanje Srba iz tog dela pokrajine.<br \/> &#8211; \u017diveti u enklavi, a nemati kontakt s ljudima koji su do sada  indirektno ili direktno pomagali opstanak srpskog \u017eivlja, zna\u010di ga\u0161enje  svake mogu\u0107nosti da Srbi tu ostanu &#8211; poru\u010duje Ivanovi\u0107 i dodaje da je o  tome razgovarao s predstavnicima Euleksa.<br \/> &#8211; Oni se zasad dr\u017ee rezervisano, ali to mo\u017ee da bude motivisano mnogim  razlozima. Tvrde da ne znaju ni\u0161ta o tome, ali sumnjam da ovako ozbiljna  akcija mo\u017ee da se sprovede bez znanja predstavnika me\u0111unarodne  zajednice &#8211; kategori\u010dan je Ivanovi\u0107.<\/p>\n<p>Direktorka Doma zdravlja u Gra\u010danici Rada Trajkovi\u0107 upozorava da je  \u017eivot pacijenata s centralnog Kosova ugro\u017een.<br \/> &#8211; Upu\u0107ujemo apel svim me\u0111unarodnim organizacijama da izvr\u0161e pritisak na  Vladu Kosova da prestane sa ovako ne\u010dasnim radnjama i da se na\u0161im  pacijentima ne ugro\u017eava pravo na \u017eivot &#8211; zaklju\u010duje Trajkovi\u0107eva.<\/p>\n<p>Autor: Glas javnosti\u00a0 . . .\u00a0 <\/p>\n<\/p><\/div>\n","protected":false},"excerpt":{"rendered":"<p>BEOGRAD &#8211; U vreme u\u010destalih poziva Ta\u010dijeve vlade da se Srbi vrate na svoja ognji\u0161ta, u praksi se \u010dine sve ve\u0107i koraci ka etni\u010dki \u010distom Kosovu i Metohiji! Posle organizovanog kamenovanja povratnika u \u017da\u010du, Srbi na centralnog Kosmeta od ju\u010de su odse\u010deni od sveta!<\/p>\n","protected":false},"author":1,"featured_media":0,"comment_status":"open","ping_status":"open","sticky":false,"template":"","format":"standard","meta":{"footnotes":""},"categories":[1],"tags":[],"_links":{"self":[{"href":"https:\/\/srcekrajine.org\/index.php?rest_route=\/wp\/v2\/posts\/465"}],"collection":[{"href":"https:\/\/srcekrajine.org\/index.php?rest_route=\/wp\/v2\/posts"}],"about":[{"href":"https:\/\/srcekrajine.org\/index.php?rest_route=\/wp\/v2\/types\/post"}],"author":[{"embeddable":true,"href":"https:\/\/srcekrajine.org\/index.php?rest_route=\/wp\/v2\/users\/1"}],"replies":[{"embeddable":true,"href":"https:\/\/srcekrajine.org\/index.php?rest_route=%2Fwp%2Fv2%2Fcomments&post=465"}],"version-history":[{"count":0,"href":"https:\/\/srcekrajine.org\/index.php?rest_route=\/wp\/v2\/posts\/465\/revisions"}],"wp:attachment":[{"href":"https:\/\/srcekrajine.org\/index.php?rest_route=%2Fwp%2Fv2%2Fmedia&parent=465"}],"wp:term":[{"taxonomy":"category","embeddable":true,"href":"https:\/\/srcekrajine.org\/index.php?rest_route=%2Fwp%2Fv2%2Fcategories&post=465"},{"taxonomy":"post_tag","embeddable":true,"href":"https:\/\/srcekrajine.org\/index.php?rest_route=%2Fwp%2Fv2%2Ftags&post=465"}],"curies":[{"name":"wp","href":"https:\/\/api.w.org\/{rel}","templated":true}]}}