{"id":4675,"date":"2015-03-29T00:51:25","date_gmt":"2015-03-28T23:51:25","guid":{"rendered":"https:\/\/srcekrajine.org\/2015\/03\/29\/digitalizovana-prodavnica-uz-srpske-etno-motive\/"},"modified":"2015-03-29T00:51:25","modified_gmt":"2015-03-28T23:51:25","slug":"digitalizovana-prodavnica-uz-srpske-etno-motive","status":"publish","type":"post","link":"https:\/\/srcekrajine.org\/?p=4675","title":{"rendered":"Digitalizovana prodavnica uz srpske etno-motive"},"content":{"rendered":"<div class=\"ftpimagefix\" style=\"float:left\"><a class=\"colorbox\" href=\"http:\/\/www.novosti.rs\/vesti\/naslovna\/tehnologije\/aktuelno.236.html:540899-Digitalizovana-prodavnica-uz-srpske-etno-motive\"><img decoding=\"async\" width=\"150\" src=\"http:\/\/www.novosti.rs\/upload\/thumbs\/images\/2015\/\/03\/28\/it-centar-01_150x90.jpg\" align=\"right\"><\/a><\/div>\n<p>\t  \t\t   U BEOGRADU je otvoren redizajniran &#8222;Vipov&#8220; prodajni centar, koji objedinjuje digitalnu komunikaciju, ekolo\u0161ke materijale i srpske etno-motive.   &#8222;Vipov&#8220; novi prodajni koncept primenjen je prvi put u decembru pro\u0161le godine i do sada je realizovan u \u010detiri grada u Srbiji, i to u Zaje\u010daru, \u0160apcu, Pirotu i Beogradu. Uz aktuelne promocije, &#8222;Vip&#8220; je najavio specijalna iznena\u0111enja za posetioce koji narednih dana svrate u Knez Mihailovu 9. Svi korisnici koji potpi\u0161u novi ili obnove stari ugovor dobi\u0107e na poklon paket od 1 GB besplatnog interneta tokom mesec dana. <a href=\"http:\/\/www.novosti.rs\/vesti\/naslovna\/tehnologije\/aktuelno.236.html:540899-Digitalizovana-prodavnica-uz-srpske-etno-motive\" class=\"colorbox\" id=\"rssmi_more\">[&#8230;]<\/a><\/p>\n","protected":false},"excerpt":{"rendered":"<p>U BEOGRADU je otvoren redizajniran &#8222;Vipov&#8220; prodajni centar, koji objedinjuje digitalnu komunikaciju, ekolo\u0161ke materijale i srpske etno-motive. &#8222;Vipov&#8220; novi prodajni koncept primenjen je prvi put u decembru pro\u0161le godine i do sada je realizovan u \u010detiri grada u Srbiji, i to u Zaje\u010daru, \u0160apcu, Pirotu i Beogradu. Uz aktuelne promocije, &#8222;Vip&#8220; je najavio specijalna iznena\u0111enja [&hellip;]<\/p>\n","protected":false},"author":1,"featured_media":4676,"comment_status":"open","ping_status":"open","sticky":false,"template":"","format":"standard","meta":{"footnotes":""},"categories":[15],"tags":[],"_links":{"self":[{"href":"https:\/\/srcekrajine.org\/index.php?rest_route=\/wp\/v2\/posts\/4675"}],"collection":[{"href":"https:\/\/srcekrajine.org\/index.php?rest_route=\/wp\/v2\/posts"}],"about":[{"href":"https:\/\/srcekrajine.org\/index.php?rest_route=\/wp\/v2\/types\/post"}],"author":[{"embeddable":true,"href":"https:\/\/srcekrajine.org\/index.php?rest_route=\/wp\/v2\/users\/1"}],"replies":[{"embeddable":true,"href":"https:\/\/srcekrajine.org\/index.php?rest_route=%2Fwp%2Fv2%2Fcomments&post=4675"}],"version-history":[{"count":0,"href":"https:\/\/srcekrajine.org\/index.php?rest_route=\/wp\/v2\/posts\/4675\/revisions"}],"wp:featuredmedia":[{"embeddable":true,"href":"https:\/\/srcekrajine.org\/index.php?rest_route=\/wp\/v2\/media\/4676"}],"wp:attachment":[{"href":"https:\/\/srcekrajine.org\/index.php?rest_route=%2Fwp%2Fv2%2Fmedia&parent=4675"}],"wp:term":[{"taxonomy":"category","embeddable":true,"href":"https:\/\/srcekrajine.org\/index.php?rest_route=%2Fwp%2Fv2%2Fcategories&post=4675"},{"taxonomy":"post_tag","embeddable":true,"href":"https:\/\/srcekrajine.org\/index.php?rest_route=%2Fwp%2Fv2%2Ftags&post=4675"}],"curies":[{"name":"wp","href":"https:\/\/api.w.org\/{rel}","templated":true}]}}