{"id":469,"date":"2010-04-26T15:52:16","date_gmt":"2010-04-26T13:52:16","guid":{"rendered":"http:\/\/37.251.99.59:5000\/?p=469"},"modified":"2010-04-26T15:52:16","modified_gmt":"2010-04-26T13:52:16","slug":"kukala-nam-majka-ovako-pametnima","status":"publish","type":"post","link":"https:\/\/srcekrajine.org\/?p=469","title":{"rendered":"Kukala nam majka ovako pametnima"},"content":{"rendered":"<p>\u00a0Pe\u010dat 22. april 2010  \t\t \t\t \t\t\t<\/p>\n<p><strong>Pi\u0161e Milorad Vu\u010deli\u0107<\/strong> <\/p>\n<p><img loading=\"lazy\" decoding=\"async\" src=\"http:\/\/www.pecatmagazin.com\/wp-content\/uploads\/2008\/07\/mv1.jpg\" border=\"0\" width=\"112\" height=\"82\" align=\"left\" \/><\/p>\n<p>\u00a0<\/p>\n<div class=\"entry\" \/>\n<p><strong><br \/><\/strong><\/p>\n<p>Pre tridesetak godina na\u0161ao sam se u jednom selu na Kozari. Razlog je  bio vi\u0161e nego potresan.<\/p>\n<p> <!--more--> <\/p>\n<p> Jedna devoj\u010dica iz logora u Jastrebarskom, tada  ve\u0107 slavna i lepa \u017eena, posle dugog traganja, prona\u0161la je svoju  pre\u017eivelu rodbinu i vratila se u mesto u kojem se rodila. Pre\u017eivela je  konc-logor i kao pokr\u0161teno i usvojeno dete nastavila je da \u017eivi, da se  \u0161koluje, uspela je da napravi zna\u010dajnu umetni\u010dku karijeru, i da postane  slavna. Susret je bio dirljiv, navirale su pored suza i se\u0107anja na  ubistvo njene majke, pogibiju njenog oca, i na razne u\u017ease usta\u0161kih  zlo\u010dina. Mi, tu okupljeni, slagali smo se u tome da sva po\u010dinjena zla  pripadaju nekoj nama dalekoj pro\u0161losti kojom nije potrebno previ\u0161e se  optere\u0107ivati, i da tako \u0161ta nikada vi\u0161e ne\u0107e i ne mo\u017ee biti ponovljeno.  Slu\u0161aju\u0107i nas i posmatraju\u0107i tako zagledane u sre\u0107nu budu\u0107nost  zajedni\u010dkog \u017eivota, u bratstvo, jedinstvo i jugoslovenstvo, jedna  postarija \u017eena poluglasno, blagonaklono a sa zabrinuto\u0161\u0107u, i bez trunke  ironije, prozborila je: \u201eE, kukala vam majka, tako pametnima.\u201c<\/p>\n<p>Vreme i doga\u0111aji koji su usledili posle toga potvrdili su njenu  zabrinutost koja je poticala upravo iz suo\u010davanja sa pro\u0161lo\u0161\u0107u i  istorijskih pouka koje su se iz toga morale izvu\u0107i.<\/p>\n<p>Danas se svakog bogovetnog dana kao dnevna zapovest i najvi\u0161i nalog  vremena mo\u017ee \u010duti: Srbi, suo\u010dite se sa svojom pro\u0161lo\u0161\u0107u! To u Srbiji  nije podsticaj traganju za istinom i \u010dinjenicama, ve\u0107 gola propagandna  fraza savremenog agitpropa i u njemu zaposlenih i pla\u0107enih srpskih  politi\u010dara, odnaro\u0111enih nevladinih agitatora, novinara i urednika slu\u017ebi  zadu\u017eenih za specijalni antisrpski rat, u organizacijama koje se samo  kod nas nevino nazivaju medijima. Suo\u010davanje s pro\u0161lo\u0161\u0107u, isti\u010du svi  oni, jedini je i isklju\u010divi garant na\u0161e sre\u0107ne budu\u0107nosti. Nalazimo se,  ka\u017eu, pred nekom velikom civilizacijskom novinom, pred ne\u010dim \u0161to srpski  narod nikada pre nas nije \u010dinio.<\/p>\n<p>A \u010dinio je, i te kako.<\/p>\n<p>Srbi su kroz \u010detiri godine Drugog svetskog rata bili \u017ertve genocida.  Godine 1945. suo\u010dili su se sa tom pro\u0161lo\u0161\u0107u. Znali su istinu. Znali su  za Jasenovac, za Kozaru, Jadovno, Jastrebarsko. \u010cak i najve\u0107i srbijanski  Brozovi poslu\u0161nici govorili su potpuno podrazumevaju\u0107e o stotinama  hiljada poklanih i pobijenih Srba. To je bilo op\u0161te mesto. Tako je,  primera radi, posleratni visoki partijski funkcioner, U\u017ei\u010danin Dobrivoje  Vidi\u0107, rekao: \u201e\u0160est stotina i pedeset hiljada streljanih Srba u Bosni i  Hercegovini, to je dug koji je srpski narod platio za zlo\u010dina\u010dku  politiku beogradskih vlastodr\u017eaca\u201c.<\/p>\n<p>Bez obzira na sumanuta obrazlo\u017eenja ovih zlo\u010dina, oni su bili svima  poznati, i op\u0161te priznati. O tome svedo\u010de brojne publikacije i obilna  dokumentaciona gra\u0111a. Bila je to \u017eiva istina. Postojale su desetine  hiljada neposrednih i \u017eivih svedoka po\u010dinjenog genocida nad Srbima. Srbi  su se tada, znaju\u0107i istinu, suo\u010dili sa pro\u0161lo\u0161\u0107u. Na osnovu tog  suo\u010denja i svoje antifa\u0161isti\u010dke pobede srpsko vo\u0111stvo (danas bi rekli  elita) odlu\u010dilo je da \u017eivi u zajedni\u010dkoj dr\u017eavi Jugoslaviji. Tu su i  takvu pouku oni izvukli iz suo\u010davanja s neposrednom i ve\u0107 jednom  ponovljenom pro\u0161lo\u0161\u0107u, i to smatrali re\u0161enjem koje obezbe\u0111uje na\u0161u bolju  i sre\u0107niju budu\u0107nost.<\/p>\n<p>Da bi opravdali svoj izbor i pokazali svoju iskrenu spremnost da  grade bratstvo i jedinstvo po\u010deli su namerno da prikrivaju genocid nad  svojim narodom, da vi\u0161estruko umanjuju \u017ertve, da pre\u0107utkuju, uop\u0161te ne  pominju, da falsifikuju \u010dinjenice, i vremenom, \u0161to je najgore, slu\u017ee\u0107i  politici nasilnih simetrija, po\u010deli su da preuveli\u010davaju svoje, a da  potpuno pre\u0107utkuju i zata\u0161kavaju tu\u0111e zlo\u010dine. Istovremeno su i  antifa\u0161isti\u010dku borbu prikazali kao nacionalno ravnomernu.<\/p>\n<p>Zahvaljuju\u0107i tome, ponovo su se pred na\u0161im o\u010dima po\u010detkom devedesetih  godina pro\u0161log veka, samo \u010detrdeset pet godina od kraja antifa\u0161isti\u010dkog  rata, pojavile aveti po\u010dinilaca genocida. Ponovo o\u017eivljene, za dom i  klanje spremne, i \u010dile a postrojene u borbene formacije sa  prepoznatljivim usta\u0161kim i hand\u017ear simbolima. Usta\u0161ka NDH-a pretvorila  se sa najvi\u0161ih politi\u010dkih govornica samo u deo neprekinutog kontinuiteta  hrvatske dr\u017eavnosti. Bilo je jo\u0161 uvek \u017eivih svedoka usta\u0161kih zlo\u010dina i  katoli\u010dkog pokr\u0161tavanja i njihovih potomaka sa potresnim se\u0107anjem koji  su prepoznali opasnost ponavljanja genocida. Podsetili su ih na  pro\u0161lost, i Srbi su iz tog suo\u010davanja sa pro\u0161lo\u0161\u0107u izvukli pouku da je  neophodno posegnuti za samoodbranom.<\/p>\n<p>Srbija se suo\u010dila sa stvarno\u0161\u0107u poku\u0161aja ponavljanja genocida i  pritekla je u pomo\u0107 svom narodu u borbi za pre\u017eivljavanje. Setili smo se  i osnovanosti onog kozara\u010dkog uzdaha upozorenja i prekora, koji onda  nismo dobro razumeli: \u201eKukala vam majka\u201c. Srbija se, kako bi rekao jedan  cini\u010dni literata, pokazala hipersenzibilnom u odnosu na svoje  sunarodnike. Umesto trista hiljada pobijenih, ostalo je trista hiljada  izbeglih, ali \u017eivih Srba. Naravno, ostalo je i na hiljade pobijenih.<\/p>\n<p>Dana\u0161nji politi\u010dari, tu\u017eioci i medijske \u010detovo\u0111e, uglas govore da je  to suo\u010davanje sa pro\u0161lo\u0161\u0107u i tada\u0161njom stvarno\u0161\u0107u bilo agresija i ratno  hu\u0161kanje. Ponovo nismo uspeli da se suo\u010dimo sa pro\u0161lo\u0161\u0107u na njima  zadovoljavaju\u0107i na\u010din. Trebalo je ponoviti i slediti \u201epouke\u201c sa po\u010detka  \u010detrdesetih godina toga veka. Najve\u0107i deo dana\u0161nje elite (\u201eKukala im  majka\u201c) to i misli. Sve je trebalo uraditi ponovo, i sve iz po\u010detka, ba\u0161  kao 1945. godine, i \u017eiveli bismo u mirnoj i sre\u0107noj zajedni\u010dkoj dr\u017eavi.  Na sve to bi dana\u0161nja srpska elita bila spremna. Tako izgleda njima  po\u017eeljno, a nama zadato i nalo\u017eeno suo\u010davanje s pro\u0161lo\u0161\u0107u.<\/p>\n<p>Ali dana\u0161nja srpska elita ima jedan veliki peh. Oni bi na sve  pristali, sve zaboravili, ne bi nikada pominjali nikakav genocid nad  svojim narodom, oni bi da prihvate svaku optu\u017ebu i krivicu, da svaki  zlo\u010din nad sopstvenim narodom opravdaju, obrazlo\u017ee, razumeju i pripi\u0161u  srpskoj strani. Nekada je to bila velikosrpska bur\u017eoazija, beogradski  re\u017eim, onda je to bila srpska UDB-a, pa velika Srbija, zatim Rankovi\u0107 i  Milo\u0161evi\u0107. Ali svi drugi iz biv\u0161e dr\u017eave ne \u017eele da \u017eive sa Srbijom ni  po koju cenu. Oni nijednog trenutka ne kriju da je bilo koja i bilo  kakva Jugoslavija ili zajedni\u010dka dr\u017eava za njih oduvek bila odvratna,  mrska i neprihvatljiva. Oni javno i otvoreno dokazuju da je za njih  svaka Jugoslavija bila samo obi\u010dna tranzitna stanica i nu\u017ena tvorevina  na putu ka nezavisnoj i nacionalno \u010distoj dr\u017eavi. Oni se tom strategijom  ponose, i u tome su jedinstveni i \u010dvrsti kao stena.<\/p>\n<p>Sa tom pro\u0161lo\u0161\u0107u, istorijskom istinom i aktuelnom stvarno\u0161\u0107u trebalo  bi da se suo\u010dimo, i izvu\u010demo kona\u010dne istorijske pouke. Umesto toga, na\u0161a  politi\u010dka i medijska elita izvr\u0161ava novi zadatak, nalo\u017een od strane  svetskih mo\u0107nika. Potrebno je Srbiju primorati da pod maskom suo\u010davanja  sa pro\u0161lo\u0161\u0107u prihvati potpunu la\u017e i izmi\u0161ljenu krivicu. Ona se mora  izlo\u017eiti, bezdu\u0161nim samorasisti\u010dkim\u00a0 kampanjama, raznim deklaracijama o  Srebrenici, izvinjavanjima, samobi\u010devanju, samooptu\u017eivanju i  samookrivljavanju. Ali njima je isuvi\u0161e malo da Srbija i Srbi budu  krivi. Nipo\u0161to. Svi drugi istovremeno moraju biti potpuno nevini, \u010disti i  bezgre\u0161ni.<\/p>\n<p>Zbog \u010dega?<\/p>\n<p>Ne vi\u0161e zarad nekog zajedni\u010dkog \u017eivota. Sa Srbijom i Srbima niko ne\u0107e  i niko nikada iskreno nije ni hteo da \u017eivi u bilo kakvoj dr\u017eavnoj  zajednici, i to je nepobitno jasno. Srbija sada vodi odsudnu bitku za  geografiju. Srbija sada mora da se kvalifikuje za suseda, za kom\u0161iju, za  geografsko postojanje. Nije to mali zadatak za srpsku elitu. Uterati  Srbiju u potpunu la\u017e da bi ona bila priznata kao geografski pojam, ta\u010dka  na zemljinom atlasu. Ta elita, kukala nam majka, tek treba da se izbori  za kandidaturu za sticanje geografskih prava. Srbija se nekada  kako-tako suo\u010davala sa pro\u0161lo\u0161\u0107u i manje ili vi\u0161e pogre\u0161no birala, a  danas mora da zaboravi istinu, da poni\u0161ti sve svoje \u017ertve i prihvati la\u017e  da bi bila priznata kao geografski pojam, da bi joj priznali da je tu  gde je!<\/p>\n<p>Kukala nam majka ovako pametnima!<\/p>\n<\/p><\/div>\n","protected":false},"excerpt":{"rendered":"<p>\u00a0Pe\u010dat 22. april 2010 Pi\u0161e Milorad Vu\u010deli\u0107 \u00a0 Pre tridesetak godina na\u0161ao sam se u jednom selu na Kozari. Razlog je bio vi\u0161e nego potresan.<\/p>\n","protected":false},"author":1,"featured_media":0,"comment_status":"open","ping_status":"open","sticky":false,"template":"","format":"standard","meta":{"footnotes":""},"categories":[1],"tags":[],"_links":{"self":[{"href":"https:\/\/srcekrajine.org\/index.php?rest_route=\/wp\/v2\/posts\/469"}],"collection":[{"href":"https:\/\/srcekrajine.org\/index.php?rest_route=\/wp\/v2\/posts"}],"about":[{"href":"https:\/\/srcekrajine.org\/index.php?rest_route=\/wp\/v2\/types\/post"}],"author":[{"embeddable":true,"href":"https:\/\/srcekrajine.org\/index.php?rest_route=\/wp\/v2\/users\/1"}],"replies":[{"embeddable":true,"href":"https:\/\/srcekrajine.org\/index.php?rest_route=%2Fwp%2Fv2%2Fcomments&post=469"}],"version-history":[{"count":0,"href":"https:\/\/srcekrajine.org\/index.php?rest_route=\/wp\/v2\/posts\/469\/revisions"}],"wp:attachment":[{"href":"https:\/\/srcekrajine.org\/index.php?rest_route=%2Fwp%2Fv2%2Fmedia&parent=469"}],"wp:term":[{"taxonomy":"category","embeddable":true,"href":"https:\/\/srcekrajine.org\/index.php?rest_route=%2Fwp%2Fv2%2Fcategories&post=469"},{"taxonomy":"post_tag","embeddable":true,"href":"https:\/\/srcekrajine.org\/index.php?rest_route=%2Fwp%2Fv2%2Ftags&post=469"}],"curies":[{"name":"wp","href":"https:\/\/api.w.org\/{rel}","templated":true}]}}