{"id":471,"date":"2010-04-29T07:00:23","date_gmt":"2010-04-29T05:00:23","guid":{"rendered":"http:\/\/37.251.99.59:5000\/?p=471"},"modified":"2010-04-29T07:00:23","modified_gmt":"2010-04-29T05:00:23","slug":"karadi-rat-nisu-izazvali-srbi","status":"publish","type":"post","link":"https:\/\/srcekrajine.org\/?p=471","title":{"rendered":"Karad\u017ei\u0107: Rat nisu izazvali Srbi"},"content":{"rendered":"<h2 class=\"main-title\"><\/h2>\n<div class=\"content\">\n<div class=\"field field-type-image field-field-image-for-teaser\" style=\"float: right\">\n<div class=\"field-item\"><img loading=\"lazy\" decoding=\"async\" src=\"http:\/\/www.glas-javnosti.rs\/\/files\/image_for_teaser\/RADOVAN_2.jpg\" border=\"0\" width=\"350\" height=\"270\" \/><\/div>\n<\/p><\/div>\n<p>HAG &#8211; Biv\u0161i predsednik Republike Srpske Radovan Karad\u017ei\u0107 rekao je  ju\u010de, u toku unakrsnog ispitivanja svedoka optu\u017ebe ameri\u010dkog diplomate  Herberta O&#8217;Kuna, da je muslimansko jednostrano progla\u0161enje nezavisnosti  izazvalo rat u BiH, a ne bosanski Srbi, kao \u0161to O&#8217;Kun tvrdi, prenosi  Tanjug.<\/p>\n<p> <!--more--> <\/p>\n<p> Prema O&#8217;Kunu, kada vi\u0161e nije bilo Jugoslavije, po\u0161to su nezavisnost  proglasile Slovenija i Hrvatska, muslimani su govorili &#8222;nema vi\u0161e  Jugoslavije, sada je to Srboslavija&#8220; i zbog toga su hteli nezavisnost i  raspisali referendum na koji Srbi nisu iza\u0161li.<\/p>\n<p>Karad\u017ei\u0107 je na po\u010detku ispitivanja svedoka optu\u017ebe predo\u010dio nekoliko  dokumenata i naredbi Vojsci RS prema kojima treba preduzeti sve za\u0161titne  mere prema civilima i verskim objektima i treba pru\u017eiti prolaz  konvojima humanitarne pomo\u0107i. Tako\u0111e, Karad\u017ei\u0107 je naredio Vojsci RS da  se mora pridr\u017eavati \u017denevske konvencije i ostalih propisa me\u0111unarodnog  ratnog prava. &#8222;Moj zaklju\u010dak je da vojska nije slu\u0161ala va\u0161e naredbe.  Nare\u0111enja su za svaku pohvalu, ali ih va\u0161i vojnici nisu slu\u0161ali&#8220;, rekao  je O&#8217;Kun.<\/p>\n<p>Karad\u017ei\u0107 je ju\u010de pred Tribunalom rekao i da su u toku rata u BiH  muslimanske vlasti, a ne vo\u0111stvo bosanskih Srba, uskra\u0107ivale vodu i  namirnice civilima u Sarajevu i da je grad bio pod &#8222;unutra\u0161njom  blokadom&#8220;, a ne pod opsadom. O&#8217;Kun je to pak negirao, ostaju\u0107i pri  iskazu da su vlasti i VRS dr\u017eale Sarajevo u opsadi, svakodnevno ga  &#8222;nemilosrdno&#8220; granatiraju\u0107i i blokiraju\u0107i isporuke vode, struje i  namirnica gradu, prenosi Beta.<\/p>\n<p>Biv\u0161i predsednik RS optu\u017een je za genocid i zlo\u010dine protiv \u010dove\u010dnosti  nad muslimanima i Hrvatima, uklju\u010duju\u0107i i &#8222;terorisanje&#8220; civila u  Sarajevu, tokom rata u BiH 1992-95. O&#8217;Kun je tada bio zamenik izaslanika  UN Sajrusa Vensa (Cyrus Vance) i lorda Dejvida Ovena (David Owen) i sa  Karad\u017ei\u0107em se sastao pedesetak puta, vode\u0107i bele\u0161ke, koje su na su\u0111enju  uvedene u spis.<\/p>\n<p>Autor : Glas javnosti <\/p>\n<\/p><\/div>\n","protected":false},"excerpt":{"rendered":"<p>HAG &#8211; Biv\u0161i predsednik Republike Srpske Radovan Karad\u017ei\u0107 rekao je ju\u010de, u toku unakrsnog ispitivanja svedoka optu\u017ebe ameri\u010dkog diplomate Herberta O&#8217;Kuna, da je muslimansko jednostrano progla\u0161enje nezavisnosti izazvalo rat u BiH, a ne bosanski Srbi, kao \u0161to O&#8217;Kun tvrdi, prenosi Tanjug.<\/p>\n","protected":false},"author":1,"featured_media":0,"comment_status":"open","ping_status":"open","sticky":false,"template":"","format":"standard","meta":{"footnotes":""},"categories":[1],"tags":[],"_links":{"self":[{"href":"https:\/\/srcekrajine.org\/index.php?rest_route=\/wp\/v2\/posts\/471"}],"collection":[{"href":"https:\/\/srcekrajine.org\/index.php?rest_route=\/wp\/v2\/posts"}],"about":[{"href":"https:\/\/srcekrajine.org\/index.php?rest_route=\/wp\/v2\/types\/post"}],"author":[{"embeddable":true,"href":"https:\/\/srcekrajine.org\/index.php?rest_route=\/wp\/v2\/users\/1"}],"replies":[{"embeddable":true,"href":"https:\/\/srcekrajine.org\/index.php?rest_route=%2Fwp%2Fv2%2Fcomments&post=471"}],"version-history":[{"count":0,"href":"https:\/\/srcekrajine.org\/index.php?rest_route=\/wp\/v2\/posts\/471\/revisions"}],"wp:attachment":[{"href":"https:\/\/srcekrajine.org\/index.php?rest_route=%2Fwp%2Fv2%2Fmedia&parent=471"}],"wp:term":[{"taxonomy":"category","embeddable":true,"href":"https:\/\/srcekrajine.org\/index.php?rest_route=%2Fwp%2Fv2%2Fcategories&post=471"},{"taxonomy":"post_tag","embeddable":true,"href":"https:\/\/srcekrajine.org\/index.php?rest_route=%2Fwp%2Fv2%2Ftags&post=471"}],"curies":[{"name":"wp","href":"https:\/\/api.w.org\/{rel}","templated":true}]}}