{"id":472,"date":"2010-04-30T13:15:23","date_gmt":"2010-04-30T11:15:23","guid":{"rendered":"http:\/\/37.251.99.59:5000\/?p=472"},"modified":"2010-04-30T13:15:23","modified_gmt":"2010-04-30T11:15:23","slug":"godinjica-od-stradanja-srba-u-qbljeskuq","status":"publish","type":"post","link":"https:\/\/srcekrajine.org\/?p=472","title":{"rendered":"Godi\u0161njica od stradanja Srba u &#8222;Bljesku&#8220;"},"content":{"rendered":"<div class=\"content\" \/>\n<p>\u00a0<\/p>\n<p style=\"text-align: center\"><a href=\"http:\/\/www.jadovno.com\/tl_files\/ug_jadovno\/edt\/dusan-slike\/PRAVDA-19-22.12.2009.\/clanak-iz-novina-1.jpg\" title=\"Pravda,Beograd-13.-14.3.2010.\" rel=\"lightbox\"><img decoding=\"async\" src=\"http:\/\/www.jadovno.com\/system\/html\/clanak-iz-novina-1-3d841697.jpg\" border=\"0\" alt=\"Pravda,Beograd-13.-14.3.2010.\" \/><\/a><\/p>\n<p>BEOGRAD &#8211; U Srbiji i Republici Srpskoj u subotu, 1. maja, bi\u0107e obele\u017eena 15. godi\u0161njica stradanja Srba u zapadnoj Slavoniji tokom operacije &#8222;Bljesak&#8220;, u kojoj je za samo 36 sati pobijeno 280 civila i prognano oko 15.000 ljudi.<\/p>\n<p> <!--more-->  <\/p>\n<p>U crkvi svetog Marka u Beogradu bi\u0107e slu\u017een parastos poginulim i nestalim prilikom ove agresije hrvatskih oru\u017eanih snaga, saop\u0161tilo je ju\u010de Udru\u017eenje porodica nestalih i poginulih u Krajini i Hrvatskoj.<\/p>\n<p>Pomen \u017ertvama &#8222;Bljeska&#8220; bi\u0107e slu\u017een i u manastiru Kru\u0161edol, na Fru\u0161koj gori, gde \u0107e biti odr\u017ean \u010cetvrti kraji\u0161ki crkveno-narodni sabor pod nazivom &#8222;Kru\u0161edolska zvona&#8220;, saop\u0161tila je Asocijacija izbegli\u010dkih i drugih udru\u017eenja Srba iz Hrvatske. Sabor \u0107e po\u010deti svetom arhijerejskom liturgijom, a potom \u0107e biti slu\u017een parastos svim Srbima stradalim u ratovima devedesetih godina pro\u0161log veka i umrlim u izbegli\u0161tvu.<\/p>\n<p>U Republici Srpskoj \u0107e 15. godi\u0161njica stradanja Srba u operaciji &#8222;Bljesak&#8220; biti obele\u017eena komemoracijama i pomenom u crkvi Pokrova Presvete Bogorodice u Gradi\u0161ki, koja je bila izlo\u017eena napadima hrvatske artiljerije, a pre nekoliko godina u tom mestu je podignuta spomen-plo\u010da \u017ertvama operacije &#8222;Bljesak&#8220;. U znak se\u0107anja na pobijene sunarodnike, s &#8222;Mosta spasa&#8220; kojim su Srbi be\u017eali u Republiku Srpsku, kao i svake godine, bi\u0107e spu\u0161teni venci u reku Savu.<\/p>\n<p>Hrvatske vojne i policijske snage izvr\u0161ile su agresiju na zapadnu Slavoniju 1. i 2. maja 1995. godine, kada je ova srpska oblast bila zona pod za\u0161titom UN (sektor &#8222;Zapad&#8220;). Hrvatske snage su u tom trenutku bile brojnije od stanovnika zapadne Slavonije i sa vi\u0161e od 16.000 pripadnika krenule su na 4.000 pripadnika Vojske tada\u0161nje RSK.<\/p>\n<p>Prema podacima Dokumentaciono-informacionog centra &#8222;Veritas&#8220;, u &#8222;Bljesku&#8220; je ubijeno i nestalo 283 Srba, me\u0111u kojima 57 \u017eena i devetoro dece. Hrvati su pokupili i pokopali 168 ubijenih, najvi\u0161e pod oznakom &#8222;nepoznat&#8220;, koji ni do danas nisu ekshumirani i identifikovani.<\/p>\n<p>Za ovaj i druge zlo\u010dine niko od hrvatskih rukovodilaca nije odgovarao, a protiv Mladena Kruljca 2005. je podneta krivi\u010dna prijava, ali optu\u017enica nije podignuta, ve\u0107 je naknadno unapre\u0111en u \u010din generala. Tada\u0161nji na\u010delnik Glavnog \u0161taba Hrvatske vojske, general Petar Stipeti\u0107 je posle istrage oslobo\u0111en optu\u017ebi.<br \/> Zbog ratnih zlo\u010dina u akciji &#8222;Bljesak&#8220; Ha\u0161ko tu\u017eila\u0161tvo je dugo pripremalo optu\u017enicu protiv predsednika Hrvatske Franje Tu\u0111mana, koji je, u me\u0111uvremenu, umro 1999. godine.<\/p>\n<p>Autor : Agencija Tanjug <\/p>\n<\/p><\/div>\n","protected":false},"excerpt":{"rendered":"<p>\u00a0 BEOGRAD &#8211; U Srbiji i Republici Srpskoj u subotu, 1. maja, bi\u0107e obele\u017eena 15. godi\u0161njica stradanja Srba u zapadnoj Slavoniji tokom operacije &#8222;Bljesak&#8220;, u kojoj je za samo 36 sati pobijeno 280 civila i prognano oko 15.000 ljudi.<\/p>\n","protected":false},"author":1,"featured_media":0,"comment_status":"open","ping_status":"open","sticky":false,"template":"","format":"standard","meta":{"footnotes":""},"categories":[1],"tags":[],"_links":{"self":[{"href":"https:\/\/srcekrajine.org\/index.php?rest_route=\/wp\/v2\/posts\/472"}],"collection":[{"href":"https:\/\/srcekrajine.org\/index.php?rest_route=\/wp\/v2\/posts"}],"about":[{"href":"https:\/\/srcekrajine.org\/index.php?rest_route=\/wp\/v2\/types\/post"}],"author":[{"embeddable":true,"href":"https:\/\/srcekrajine.org\/index.php?rest_route=\/wp\/v2\/users\/1"}],"replies":[{"embeddable":true,"href":"https:\/\/srcekrajine.org\/index.php?rest_route=%2Fwp%2Fv2%2Fcomments&post=472"}],"version-history":[{"count":0,"href":"https:\/\/srcekrajine.org\/index.php?rest_route=\/wp\/v2\/posts\/472\/revisions"}],"wp:attachment":[{"href":"https:\/\/srcekrajine.org\/index.php?rest_route=%2Fwp%2Fv2%2Fmedia&parent=472"}],"wp:term":[{"taxonomy":"category","embeddable":true,"href":"https:\/\/srcekrajine.org\/index.php?rest_route=%2Fwp%2Fv2%2Fcategories&post=472"},{"taxonomy":"post_tag","embeddable":true,"href":"https:\/\/srcekrajine.org\/index.php?rest_route=%2Fwp%2Fv2%2Ftags&post=472"}],"curies":[{"name":"wp","href":"https:\/\/api.w.org\/{rel}","templated":true}]}}