{"id":50,"date":"2009-05-09T05:59:11","date_gmt":"2009-05-09T03:59:11","guid":{"rendered":"http:\/\/37.251.99.59:5000\/?p=50"},"modified":"2009-05-09T05:59:11","modified_gmt":"2009-05-09T03:59:11","slug":"osudjen-ratni-zlocinac","status":"publish","type":"post","link":"https:\/\/srcekrajine.org\/?p=50","title":{"rendered":",,Osudjen ratni zlocinac&#8220;"},"content":{"rendered":"<p>Na \u017dupanijskome sudu u Zagrebu Branimir Glava\u0161 osu\u0111en je na 10 godina zatvora za zlo\u010dine nad srpskim civilima u Osijeku 1991. godine. U sudnici nema ni Branimira Glava\u0161a ni Gordane Geto\u0161 Magdi\u0107.<\/p>\n<p>Sudilo se u dva predmeta ubistava &#8211; ubistvo najmanje 10 srpskih civila na obali Drave tokom 1991. i 1992. godine, i za zatvaranje petoro i ubistvo dvojice srpskih civila u sedi\u0161tu sekretarijata za narodnu odbranu, kome je Glava\u0161 kao rukovodilac odbrane Osijeka tada bio na \u010delu.<\/p>\n<p> <!--more--> <\/p>\n<p>Krunski svedok Krunoslav Fehir je po Glava\u0161evom nare\u0111enju u krugu sekretarijata pucao na \u010cedomira Vu\u010dkovi\u0107a, jednog od dvojice srpskih civila koji je prethodno bio mu\u010den, a obdukcija je pokazala da je Vu\u010dkovi\u0107 umro zato \u0161to je pio sumpornu kiselinu, a ne od metka.<br \/>Objavljivanje presude bi\u0107e novi korak u skoro \u010detiri godine dugom postupku koji je na odre\u0111eni na\u010dini inicirao novinar Drago Hedl, koji je na\u0161ao i kasnijeg krunskog svedoka za su\u0111enje, biv\u0161eg hrvatskog vojnika kome je Glava\u0161 naredio da ubije jednog srpskog civila.<\/p>\n<p>Procedura je bila puna zastoja i prepreka, a samo su\u0111enje moralo se tri puta ponavljati zbog prodceduralnih razloga, prevelike pauze izme\u0111u dve rasprave koju su stvarali optu\u017eeni svojim stvarnim ili izmi\u0161ljenim bolestima i nemogu\u0107no\u0161\u0107u da prate su\u0111enje.<br \/>Najvi\u0161e zgra\u017eavanja u javnosti izazvala je \u010dinjenica da se Glava\u0161 kao organizator i naredbodavac ubistava, zbog statusa saborskog poslanika branio sa slobode, nakon \u010dega su se sa slobode branili i ostali optu\u017eeni, pripadnici jedinice koja je po optu\u017enici vr\u0161ila ubistva.<\/p>\n<p>Maduni\u0107 je okupljenim novinarima izjavio:<br \/>&#8211; Evo neka svjetska javnost vidi kako su vodili postupak i kako ga zavr\u0161avaju, bez ijednog branitelja u sudnici! &#8211;<\/p>\n<p>Odvjetnik Miljevi\u0107 je pak, na novinarsko pitanje gdje je Glava\u0161, odgovorio da ne zna.<\/p>\n<p>Nakon gotovo \u010detiri godine do kraja je do\u0161ao jo\u0161 jedan hrvatski pravosudni cirkus. Cijela pri\u010da oko Branimira Glava\u0161a dugo se kuhala.<\/p>\n<p>Probni baloni oko Glava\u0161eve krivice za ubojstva srpskih civila u Osijeku ratne 1991. godine dugo su se pu\u0161tali. Slu\u010dajno ili ne, pri\u010da se aktualizirala kad su se razi\u0161li Glava\u0161 i Sanader. Njihov pakt, koji je bio jak kad su &#8222;rje\u0161avali pitanje&#8220; Ivi\u0107a Pa\u0161ali\u0107a, naglo se raspao kad se Branimir Glava\u0161 po\u010deo udaljavati i osamostaljivati, a uskoro je postao prvi saborski zastupnik optu\u017een za ratni zlo\u010din.<\/p>\n<p>U ljeto 2005. godine Krunoslav Fehir, biv\u0161i pripadnik BOB-a, progovorio je o ubojstvima optu\u017eiv\u0161i Glava\u0161a da je bio ratni gospodar \u017eivota i smrti u Osijeku, koji je ne samo znao za ubojstva, nego ih je i nare\u0111ivao. Nakon otprilike godinu dana ukinut mu je zastupni\u010dki imunitet za slu\u010dajeve koji prozvani &#8222;gara\u017ea&#8220; i &#8222;selotejp&#8220;.<\/p>\n<p>Zatim je uslijedio Glava\u0161ev rat protiv svih, \u0161trajk gla\u0111u, odlasci u bolnicu, prepucavanja s aktualnim premijerom Sanaderom i cijelim HDZ-om, koji je vi\u0161e puta optu\u017eivao da mu je namjestio cijeli postupak. Ubrzo nakon posljednjih izbora Glava\u0161u je ukinut pritvor jer je stekao novi zastupni\u010dki imunitet.<\/p>\n<p>Me\u0111utim, unato\u010d brojnim prepucavanjima \u0160eks je ipak &#8222;pru\u017eio ruku&#8220; pomirenja biv\u0161em kolegi na su\u0111enju, svjedo\u010de\u0107i u njegovu korist, a HDSSB je redovito sa svoja tri saborska zastupnika pomagao HDZ-u kad god bi bio manjak &#8222;ruku&#8220; u Saboru. <br \/>\u00a0<\/p>\n","protected":false},"excerpt":{"rendered":"<p>Na \u017dupanijskome sudu u Zagrebu Branimir Glava\u0161 osu\u0111en je na 10 godina zatvora za zlo\u010dine nad srpskim civilima u Osijeku 1991. godine. U sudnici nema ni Branimira Glava\u0161a ni Gordane Geto\u0161 Magdi\u0107. Sudilo se u dva predmeta ubistava &#8211; ubistvo najmanje 10 srpskih civila na obali Drave tokom 1991. i 1992. godine, i za zatvaranje [&hellip;]<\/p>\n","protected":false},"author":1,"featured_media":0,"comment_status":"open","ping_status":"open","sticky":false,"template":"","format":"standard","meta":{"footnotes":""},"categories":[1],"tags":[],"_links":{"self":[{"href":"https:\/\/srcekrajine.org\/index.php?rest_route=\/wp\/v2\/posts\/50"}],"collection":[{"href":"https:\/\/srcekrajine.org\/index.php?rest_route=\/wp\/v2\/posts"}],"about":[{"href":"https:\/\/srcekrajine.org\/index.php?rest_route=\/wp\/v2\/types\/post"}],"author":[{"embeddable":true,"href":"https:\/\/srcekrajine.org\/index.php?rest_route=\/wp\/v2\/users\/1"}],"replies":[{"embeddable":true,"href":"https:\/\/srcekrajine.org\/index.php?rest_route=%2Fwp%2Fv2%2Fcomments&post=50"}],"version-history":[{"count":0,"href":"https:\/\/srcekrajine.org\/index.php?rest_route=\/wp\/v2\/posts\/50\/revisions"}],"wp:attachment":[{"href":"https:\/\/srcekrajine.org\/index.php?rest_route=%2Fwp%2Fv2%2Fmedia&parent=50"}],"wp:term":[{"taxonomy":"category","embeddable":true,"href":"https:\/\/srcekrajine.org\/index.php?rest_route=%2Fwp%2Fv2%2Fcategories&post=50"},{"taxonomy":"post_tag","embeddable":true,"href":"https:\/\/srcekrajine.org\/index.php?rest_route=%2Fwp%2Fv2%2Ftags&post=50"}],"curies":[{"name":"wp","href":"https:\/\/api.w.org\/{rel}","templated":true}]}}