{"id":54,"date":"2009-05-12T09:19:14","date_gmt":"2009-05-12T07:19:14","guid":{"rendered":"http:\/\/37.251.99.59:5000\/?p=54"},"modified":"2009-05-12T09:19:14","modified_gmt":"2009-05-12T07:19:14","slug":"almagor-tui-zvaninike-nato-zbog-bombardovanja-srj","status":"publish","type":"post","link":"https:\/\/srcekrajine.org\/?p=54","title":{"rendered":"Almagor\u201d tu\u017ei zvani\u010dnike NATO zbog bombardovanja SRJ"},"content":{"rendered":"<p>Izraelske NVO nastoji da preko \u0161panskih sudova doka\u017ee validnost doktrine i tamo\u0161njeg zakona o \u201euniverzalnoj nadle\u017enosti\u201d <br \/>Izraelsko udru\u017eenje \u017ertava terora \u201eAlmagor\u201d saop\u0161tilo je ove nedelje da \u0107e u skladu sa principom univerzalne nadle\u017enosti sudova u roku od dva meseca, pred sudom u \u0160paniji, podneti tu\u017ebu protiv visokih zvani\u010dnika NATO i odgovornih iz dr\u017eava \u010dlanica alijanse koji su naredili bombardovanje Savezne Republike Jugoslavije (SRJ) 1999. godine, kada je poginulo oko 2.500 civila. Direktor ove nevladine organizacije Meir Indor isti\u010de da slu\u010daj Srbije mo\u017ee da \u201eotvori Pandorinu kutiju\u201d i uka\u017ee na dvostruke standarde Evropljana, koji optu\u017euju Izrael za ratne zlo\u010dine, dok su te zemlje \u201epo\u010dinile mnogo gore zlo\u010dine u okviru NATO\u201d.<br \/> <!--more--> <br \/>Naime, najava iz Izraela do\u0161la je u trenutku kada je sudija \u0161panskog Nacionalnog suda Fernando Andreu odlu\u010dio da otvori istragu o izraelskom bombardovanju grada Gaze 2002. godine, kada je poginulo 15 ljudi. Prema pisanju \u201eJerusalim posta\u201d, Andreu je izjavio da postupa u skladu sa principom univerzalne nadle\u017enosti koji je priznat u \u0161panskom pravu. Prema tome, te\u0161ki zlo\u010dini poput genocida, terorizma, torture i drugih, mogu da budu razmatrani pred \u0161panskim sudovima, \u010dak i u slu\u010daju da su krivi\u010dno delo po\u010dinili strani dr\u017eavljani van teritorije \u0160panije.<\/p>\n<p>U razgovoru za \u201ePolitiku\u201d, Meir Indor je potvrdio da se u optu\u017enici, koja se nalazi u pripremi, pominju nekada\u0161nji generalni sekretar NATO Havijer Solana, kao i ve\u0107i broj \u0161panskih i drugih visokih zvani\u010dnika iz Evrope i Sjedinjenih Ameri\u010dkih Dr\u017eava. Aktivisti \u201eAlmagora\u201d tako\u0111e istra\u017euju dosijee NATO kako bi utvrdili imena pilota koji su u\u010destvovali u vazdu\u0161nim napadima, uz poseban osvrt na \u0161panske vojne pilote i zvani\u010dnike.<\/p>\n<p>Kao jedan od glavnih razloga za izbor slu\u010daja SRJ, Indor navodi da je te\u0161ko prona\u0107i relevantniji primer, \u201epogotovu \u0161to je u \u0160paniji protiv izraelskih zvani\u010dnika pokrenuta istraga zbog zlo\u010dina dok su branili gra\u0111ane od palestinskog terora. Sa druge strane, uloga Havijera Solane u bombardovanju Srbije je nedvosmislena\u201d.<\/p>\n<p>Tokom 2001. godine pred sudom u Belgiji grupa Palestinaca je podnela tu\u017ebu protiv tada\u0161njeg izraelskog premijera Arijela \u0160arona zbog navodne ume\u0161anosti u zlo\u010dine po\u010dinjene protiv Palestinaca tokom 1982. godine. \u201eAlmagor\u201d je pred istim sudom uzvratio tu\u017ebom protiv vo\u0111e PLO Jasera Arafata, pa je na kraju odlu\u010deno da oba slu\u010daja budu odba\u010dena. Komentari\u0161u\u0107i ishod procesa pred belgijskim sudom, Indor je podvukao da je \u201eako ni\u0161ta drugo, osramo\u0107en pravni sistem te zemlje\u201d, i da se licemerju i dvostrukim standardima mora stati na kraj \u2013 \u201e\u0161to na kraju, dopu\u0161ta dana\u0161nje pravo, koje je elasti\u010dno i dopu\u0161ta odre\u0111ene postupke\u201d.<\/p>\n<p>Upitan \u0161ta \u0107e se dogoditi ako \u0161panski sud ne prihvati nadle\u017enost u slu\u010daju tu\u017ebe protiv odgovornih za bombardovanje, na\u0161 sagovornik je rekao da postoji mogu\u0107nost podno\u0161enja tu\u017ebe u jo\u0161 nekim dr\u017eavama. \u201eOsim u \u0160paniji, tu\u017ebu mo\u017eemo podneti u Velikoj Britaniji i nekoliko drugih dr\u017eava.\u201d<\/p>\n<p>Govore\u0107i o mogu\u0107em ishodu, Indor je podvukao da sama mogu\u0107nost, da bi Havijer Solana i drugi mogli da odgovaraju za ono \u0161to se dogodilo u Srbiji pre deset godina, predstavlja po sebi uspeh. \u201eNajva\u017enije je da slu\u010daj postane javan, dok je \u0107utanje najve\u0107i greh.\u201d<\/p>\n<p>M. Kova\u010devi\u0107<\/p>\n","protected":false},"excerpt":{"rendered":"<p>Izraelske NVO nastoji da preko \u0161panskih sudova doka\u017ee validnost doktrine i tamo\u0161njeg zakona o \u201euniverzalnoj nadle\u017enosti\u201d Izraelsko udru\u017eenje \u017ertava terora \u201eAlmagor\u201d saop\u0161tilo je ove nedelje da \u0107e u skladu sa principom univerzalne nadle\u017enosti sudova u roku od dva meseca, pred sudom u \u0160paniji, podneti tu\u017ebu protiv visokih zvani\u010dnika NATO i odgovornih iz dr\u017eava \u010dlanica alijanse [&hellip;]<\/p>\n","protected":false},"author":1,"featured_media":0,"comment_status":"open","ping_status":"open","sticky":false,"template":"","format":"standard","meta":{"footnotes":""},"categories":[1],"tags":[],"_links":{"self":[{"href":"https:\/\/srcekrajine.org\/index.php?rest_route=\/wp\/v2\/posts\/54"}],"collection":[{"href":"https:\/\/srcekrajine.org\/index.php?rest_route=\/wp\/v2\/posts"}],"about":[{"href":"https:\/\/srcekrajine.org\/index.php?rest_route=\/wp\/v2\/types\/post"}],"author":[{"embeddable":true,"href":"https:\/\/srcekrajine.org\/index.php?rest_route=\/wp\/v2\/users\/1"}],"replies":[{"embeddable":true,"href":"https:\/\/srcekrajine.org\/index.php?rest_route=%2Fwp%2Fv2%2Fcomments&post=54"}],"version-history":[{"count":0,"href":"https:\/\/srcekrajine.org\/index.php?rest_route=\/wp\/v2\/posts\/54\/revisions"}],"wp:attachment":[{"href":"https:\/\/srcekrajine.org\/index.php?rest_route=%2Fwp%2Fv2%2Fmedia&parent=54"}],"wp:term":[{"taxonomy":"category","embeddable":true,"href":"https:\/\/srcekrajine.org\/index.php?rest_route=%2Fwp%2Fv2%2Fcategories&post=54"},{"taxonomy":"post_tag","embeddable":true,"href":"https:\/\/srcekrajine.org\/index.php?rest_route=%2Fwp%2Fv2%2Ftags&post=54"}],"curies":[{"name":"wp","href":"https:\/\/api.w.org\/{rel}","templated":true}]}}