{"id":55,"date":"2009-05-12T09:26:18","date_gmt":"2009-05-12T07:26:18","guid":{"rendered":"http:\/\/37.251.99.59:5000\/?p=55"},"modified":"2009-05-12T09:26:18","modified_gmt":"2009-05-12T07:26:18","slug":"poternica-za-glavaem","status":"publish","type":"post","link":"https:\/\/srcekrajine.org\/?p=55","title":{"rendered":"Poternica za Glava\u0161em"},"content":{"rendered":"<p><span style=\"font-weight: bold\">Da je Tu\u0111man pripojio Herceg-Bosnu, gdje bi se skrivali na\u0161i optu\u017eenici?- index.hr<br \/><\/span><\/p>\n<p>\u00a0<span style=\"font-weight: bold\">Hrvatski Sabor ukinuo imunitet Glava\u0161u !- Mondo<br \/><\/span><\/p>\n<p><span style=\"font-weight: bold\">Josip Boljkovac: Nemam ni\u0161ta protiv presude Glava\u0161u !- ve<\/span>\u010dernjak.hr<\/p>\n<p>\u00a0<\/p>\n<p>RTS 11.05.2009<\/p>\n<p>Posle ukidanja imuniteta, Branimiru Glava\u0161u odre\u0111en pritvor, a potom i raspisana poternica za teritoriju Hrvatske. U toku raspisivanje me\u0111unarodne poternice , BiH \u010deka zahtev za izru\u010denje.<\/p>\n<p> <!--more--> <\/p>\n<p>Vanraspravno ve\u0107e zagreba\u010dkog \u017dupanijskog suda odredilo je oko 15 sati pritvor Branimiru Glava\u0161u, po\u0161to je od Mandatno-imunitetne komisije Sabora dobilo odluku o ukidanju imuniteta i odobrenju za pritvor.<\/p>\n<p>Policiji je odmah, prema nalogu suda, raspisala poternicu za teritoriju Hrvatske. <\/p>\n<p>Uprava policije saop\u0161tila je da je u saradnji sa drugim institucijama u toku postupak za raspisivanje me\u0111unarodne poternice.<\/p>\n<p>Mandatno-imunitetni odbor Sabora ukinuo je poslani\u010dki imunitet Glava\u0161u, koji se nalazi u bekstvu u Hercegovini. <\/p>\n<p>Tako su uklonjene zakonske prepreke za njegovo hap\u0161enje prema sudskoj presudi kojom je osu\u0111en na deset godina zatvora zbog ratnog zlo\u010dina protiv Srba u Osijeku 1991. godine.<\/p>\n<p>\u017dupanijski sud tra\u017eio je pro\u0161log petka, posle presude Glava\u0161u i ostalim optu\u017eenicima od Sabora odobrenje za pritvor, odnosno ukidanje poslani\u010dkog imuniteta za pritvor, prenose hrvatski mediji.<\/p>\n<p>Iako dana\u0161nju odluku Odbora jo\u0161 treba da potvrdi i hrvatski parlament, to ne odga\u0111a njeno izvr\u0161enje, budu\u0107i da odluka Odbora ima pravnu snagu dok Sabor ne zaseda.<\/p>\n<p>BiH \u010deka zahtev za izru\u010denje <\/p>\n<p>Pripadnici policije Federacije Bosne i Hercegovine obavili su prvi razgovor sa Glava\u0161em koji je 8. maja, na dan izricanja presude, pobegao u Hercegovinu. <\/p>\n<p>Direktor Uprave policije MUP-a FBiH Zlatko Mileti\u0107 je izjavio da policija u BiH ni\u0161ta ne mo\u017ee preduzeti protiv Glava\u0161a dok to ne zatra\u017ei Hrvatska. <\/p>\n<p>&#8222;Policija FBiH je Glava\u0161a informisala da \u0107e ga, ako dobije zahtev hrvatskog MUP-a, pozvati i sa njim obaviti informativni razgovor&#8220;, rekao je Mileti\u0107, isti\u010du\u0107i da je Glava\u0161 potpuno zakonito stekao dr\u017eavljanstvo BiH.<\/p>\n<p>Glava\u0161 je policiji prijavio vi\u0161e adresa gde boravi i gde bi mogao boraviti na podru\u010dju FBiH. <\/p>\n<p>Glava\u0161, koji je dr\u017eavljanstvo dobio na osnovu porekla njegovih roditelja, iako odsutan, u\u010destvuje u politi\u010dkom \u017eivotu i predizbornoj kampanji Hrvatskog demokratskog saveza za Slavoniju i Baranju (HDSSB) \u010diji je osniva\u010d. <\/p>\n<p>Tako se telefonski javio u\u010desnicima predizbornog skupa u mestu Beli\u0161\u0107e, isti\u010du\u0107i da je nevin i da je \u017ertva hrvatskog premijera Ive Sanadera, dodav\u0161i i da \u0107e se vratiti u Slavoniju. <\/p>\n<p>Ranije je izjavio da je i BiH za njega zatvor, ali udobniji od Lepoglave. <\/p>\n<p>Nakon \u0161to je Glava\u0161 raspalio masu, njegov sin Filip zapalio je zastavu HDZ-a na skupu u Beli\u0161\u0107u. <\/p>\n<p>Grani\u010dari nisu morali da evidentiraju ulazak<\/p>\n<p>Direktor grani\u010dne policije Bosne i Hercegovine Vinko Duman\u010di\u0107 izjavio je da grani\u010dna policija BiH nije imala obavezu da evidentira ulazak Branimira Glava\u0161a u dr\u017eavu, pa nije poznato kuda je i na kom grani\u010dnom prelazu on pre\u0161ao u BiH po\u0161to je u petak u Zagrebu osu\u0111en na deset godina zatvora zbog ratnog zlo\u010dina. <\/p>\n<p>Duman\u010di\u0107 je za banjalu\u010dki list rekao da grani\u010dna policija evidentira samo ulaske osoba iz migracijski visokorizi\u010dnih zemalja. <\/p>\n<p>&#8222;Poznato je da gra\u0111ani BiH i Hrvatske u jednu, odnosno drugu zemlju ulaze samo uz posedovanje li\u010dne karte. Branimir Glava\u0161 je, prema informacijama koje smo saznali iz medija, u\u0161ao na isti na\u010din. Nismo imali obavezu da evidentiramo njegov ulazak, pa nismo ni proveravali kada je i gde u\u0161ao u BiH&#8220;, naveo je Duman\u010di\u0107.<\/p>\n<p>Hrvatski Sabor Glava\u0161u nije ukinuo imunitet niti je za njim raspisana poternica, zbog \u010dega nisu postojali razlozi da se obra\u0107a pa\u017enja na njegov ulazak u BiH, ukazao je Duman\u010di\u0107. <\/p>\n<p>Komentari\u0161u\u0107i \u010dinjenicu da grani\u010dna policija nije imala informacije ni o nedavnom ulasku u BiH biv\u0161eg visokog funkcionera bosanskih Hrvata Ante Jelavi\u0107a, osu\u0111enog za organizovani kriminal, Duman\u010di\u0107 je rekao da njegova slu\u017eba ni od jedne relevantne bezbednosne agencije iz BiH i Hrvatske nije dobila informacije gde je i kako Jelavi\u0107 u\u0161ao u zemlju.<\/p>\n<p>Mesi\u0107: Scenario sa Glava\u0161em se mogao predvideti<br \/>&#8222;Scenario koji se odigrao u slu\u010daju Branimira Glava\u0161a mogao se predvideti, ali je slu\u010daj dugo bio u sudskoj proceduri i niko nije mislio da Glava\u0161 mo\u017ee napustiti zemlju&#8220;, izjavio je za Hrvatsku televiziju Stjepan Mesi\u0107.<\/p>\n<p>Hrvatski predsednik je napomenuo da ne mo\u017ee da komentari\u0161e presudu, po\u0161to je prvosepena.<\/p>\n<p>&#8222;Sudska vlast mora biti potpuno samostalna i nijedna druga vlast ne sme se me\u0161ati u njen posao, a ne sme biti ni selektivne primene zakona, koji se mora primenjivati za sve gra\u0111ane jednako&#8220;, rekao je Mesi\u0107.<\/p>\n<p>Izjavu premijera Iva Sanadera da se sudstvo uklju\u010dilo u predizbornu kampanju Mesi\u0107 je ocenio &#8222;malo pretvrdom&#8220;, dodav\u0161i da smatra da to uvi\u0111a i premijer.<\/p>\n<p>Hrvatski predsednik ocenjuje da vlada nije mogla da uti\u010de na tok postupka ili izricanja presude.<br \/>Reakcije na Sanaderovu izjavu<br \/>&#8222;Scenario koji se odigrao u slu\u010daju Branimira Glava\u0161a mogao se predvideti, ali je slu\u010daj dugo bio u sudskoj proceduri i niko nije mislio da Glava\u0161 mo\u017ee napustiti zemlju&#8220;, izjavio je za Hrvatsku televiziju Stjepan Mesi\u0107.<\/p>\n<p>Hrvatski predsednik je napomenuo da ne mo\u017ee da komentari\u0161e presudu, po\u0161to je prvosepena.<\/p>\n<p>&#8222;Sudska vlast mora biti potpuno samostalna i nijedna druga vlast ne sme se me\u0161ati u njen posao, a ne sme biti ni selektivne primene zakona, koji se mora primenjivati za sve gra\u0111ane jednako&#8220;, rekao je Mesi\u0107.<\/p>\n<p>Izjavu premijera Iva Sanadera da se sudstvo uklju\u010dilo u predizbornu kampanju Mesi\u0107 je ocenio &#8222;malo pretvrdom&#8220;, dodav\u0161i da smatra da to uvi\u0111a i premijer.<\/p>\n<p>Hrvatski predsednik ocenjuje da vlada nije mogla da uti\u010de na tok postupka ili izricanja presude.<\/p>\n<p>\u00a0<\/p>\n","protected":false},"excerpt":{"rendered":"<p>Da je Tu\u0111man pripojio Herceg-Bosnu, gdje bi se skrivali na\u0161i optu\u017eenici?- index.hr \u00a0Hrvatski Sabor ukinuo imunitet Glava\u0161u !- Mondo Josip Boljkovac: Nemam ni\u0161ta protiv presude Glava\u0161u !- ve\u010dernjak.hr \u00a0 RTS 11.05.2009 Posle ukidanja imuniteta, Branimiru Glava\u0161u odre\u0111en pritvor, a potom i raspisana poternica za teritoriju Hrvatske. U toku raspisivanje me\u0111unarodne poternice , BiH \u010deka zahtev [&hellip;]<\/p>\n","protected":false},"author":1,"featured_media":0,"comment_status":"open","ping_status":"open","sticky":false,"template":"","format":"standard","meta":{"footnotes":""},"categories":[1],"tags":[],"_links":{"self":[{"href":"https:\/\/srcekrajine.org\/index.php?rest_route=\/wp\/v2\/posts\/55"}],"collection":[{"href":"https:\/\/srcekrajine.org\/index.php?rest_route=\/wp\/v2\/posts"}],"about":[{"href":"https:\/\/srcekrajine.org\/index.php?rest_route=\/wp\/v2\/types\/post"}],"author":[{"embeddable":true,"href":"https:\/\/srcekrajine.org\/index.php?rest_route=\/wp\/v2\/users\/1"}],"replies":[{"embeddable":true,"href":"https:\/\/srcekrajine.org\/index.php?rest_route=%2Fwp%2Fv2%2Fcomments&post=55"}],"version-history":[{"count":0,"href":"https:\/\/srcekrajine.org\/index.php?rest_route=\/wp\/v2\/posts\/55\/revisions"}],"wp:attachment":[{"href":"https:\/\/srcekrajine.org\/index.php?rest_route=%2Fwp%2Fv2%2Fmedia&parent=55"}],"wp:term":[{"taxonomy":"category","embeddable":true,"href":"https:\/\/srcekrajine.org\/index.php?rest_route=%2Fwp%2Fv2%2Fcategories&post=55"},{"taxonomy":"post_tag","embeddable":true,"href":"https:\/\/srcekrajine.org\/index.php?rest_route=%2Fwp%2Fv2%2Ftags&post=55"}],"curies":[{"name":"wp","href":"https:\/\/api.w.org\/{rel}","templated":true}]}}