{"id":57,"date":"2009-05-12T09:59:57","date_gmt":"2009-05-12T07:59:57","guid":{"rendered":"http:\/\/37.251.99.59:5000\/?p=57"},"modified":"2009-05-12T09:59:57","modified_gmt":"2009-05-12T07:59:57","slug":"tri-godine-za-smrt-zablaanskog-kazna-utrostruena","status":"publish","type":"post","link":"https:\/\/srcekrajine.org\/?p=57","title":{"rendered":"Tri godine za smrt Zabla\u0107anskog-KAZNA UTROSTRU\u010cENA"},"content":{"rendered":"<div class=\"content\">\n<div class=\"field field-type-image field-field-image-for-teaser\" style=\"float: right\">\n<div class=\"field-item\"><img loading=\"lazy\" decoding=\"async\" src=\"http:\/\/www.glas-javnosti.rs\/\/files\/image_for_teaser\/Thumb_001zablacanski-arhiva.jpg\" border=\"0\" width=\"350\" height=\"286\" \/><\/div>\n<\/p><\/div>\n<p>U\u017dICE &#8211; Drugostepeno ve\u0107e Okru\u017enog suda u U\u017eicu koje je sredinom pro\u0161le nedelje odlu\u010divalo o \u017ealbama tu\u017eila\u0161tva i odbrane izreklo je Petru \u0160i\u0161ovi\u0107u (67), stomatologu iz U\u017eica, kaznu od tri godine zatvora. \u0160i\u0161ovi\u0107 je u januaru ove godine u prvostepenom postupku ogla\u0161en krivim za izazivanje te\u0161ke saobra\u0107ajne nesre\u0107e u kojoj je stradao na\u0161 poznati glumac Milenko Zabla\u0107anski i osu\u0111en na godinu dana zatvora. Sada je Okru\u017eni sud preina\u010dio ranije izre\u010denu presudu i prakti\u010dno utrostru\u010dio kaznu koju je \u0160i\u0161ovi\u0107u u januaru ove godine izrekao Op\u0161tinski sud u \u010cajetini. Informacija o visini kazne izre\u010dene \u0160i\u0161ovi\u0107u je nezvani\u010dna, a Okru\u017eni sud, prema odredbama zakona, presudu zvani\u010dno mo\u017ee objaviti tek po\u0161to se uradi pisani otpravak i uputi strankama.<\/p>\n<p> <!--more--> <\/p>\n<p> Po tako\u0111e nezvani\u010dnim i nepotvr\u0111enim informacijama, ve\u0107e Okru\u017enog suda zaklju\u010dilo je u obrazlo\u017eenju presude da je prvostepeni Op\u0161tinski sud u \u010cajetini, odlu\u010duju\u0107i o visini kazne \u0160i\u0161ovi\u0107u, veliku prednost dao olak\u0161avaju\u0107im u odnosu na ote\u017eavaju\u0107e okolnosti. Presuda \u0160i\u0161ovi\u0107u sada je pravosna\u017ena, a on ima pravo jedino na vanredna pravna sredstva, koja, me\u0111utim, ne odla\u017eu izvr\u0161enje. On sada mo\u017ee da podnese zahtev Vrhovnom sudu za vanredno preispitivanje pravosna\u017ene sudske presude. Ina\u010de, zapre\u0107ena kazna za krivi\u010dno delo za koje je \u0160i\u0161ovi\u0107 ogla\u0161en krivim iznosi od jedne do osam godina zatvora.<br \/> Donetom presudom, ve\u0107e Okru\u017enog suda odbacilo je \u017ealbu \u0160i\u0161ovi\u0107a na izre\u010denu presudu.<\/p>\n<\/p><\/div>\n","protected":false},"excerpt":{"rendered":"<p>U\u017dICE &#8211; Drugostepeno ve\u0107e Okru\u017enog suda u U\u017eicu koje je sredinom pro\u0161le nedelje odlu\u010divalo o \u017ealbama tu\u017eila\u0161tva i odbrane izreklo je Petru \u0160i\u0161ovi\u0107u (67), stomatologu iz U\u017eica, kaznu od tri godine zatvora. \u0160i\u0161ovi\u0107 je u januaru ove godine u prvostepenom postupku ogla\u0161en krivim za izazivanje te\u0161ke saobra\u0107ajne nesre\u0107e u kojoj je stradao na\u0161 poznati glumac [&hellip;]<\/p>\n","protected":false},"author":1,"featured_media":0,"comment_status":"open","ping_status":"open","sticky":false,"template":"","format":"standard","meta":{"footnotes":""},"categories":[1],"tags":[],"_links":{"self":[{"href":"https:\/\/srcekrajine.org\/index.php?rest_route=\/wp\/v2\/posts\/57"}],"collection":[{"href":"https:\/\/srcekrajine.org\/index.php?rest_route=\/wp\/v2\/posts"}],"about":[{"href":"https:\/\/srcekrajine.org\/index.php?rest_route=\/wp\/v2\/types\/post"}],"author":[{"embeddable":true,"href":"https:\/\/srcekrajine.org\/index.php?rest_route=\/wp\/v2\/users\/1"}],"replies":[{"embeddable":true,"href":"https:\/\/srcekrajine.org\/index.php?rest_route=%2Fwp%2Fv2%2Fcomments&post=57"}],"version-history":[{"count":0,"href":"https:\/\/srcekrajine.org\/index.php?rest_route=\/wp\/v2\/posts\/57\/revisions"}],"wp:attachment":[{"href":"https:\/\/srcekrajine.org\/index.php?rest_route=%2Fwp%2Fv2%2Fmedia&parent=57"}],"wp:term":[{"taxonomy":"category","embeddable":true,"href":"https:\/\/srcekrajine.org\/index.php?rest_route=%2Fwp%2Fv2%2Fcategories&post=57"},{"taxonomy":"post_tag","embeddable":true,"href":"https:\/\/srcekrajine.org\/index.php?rest_route=%2Fwp%2Fv2%2Ftags&post=57"}],"curies":[{"name":"wp","href":"https:\/\/api.w.org\/{rel}","templated":true}]}}