{"id":59,"date":"2009-05-13T08:53:12","date_gmt":"2009-05-13T06:53:12","guid":{"rendered":"http:\/\/37.251.99.59:5000\/?p=59"},"modified":"2009-05-13T08:53:12","modified_gmt":"2009-05-13T06:53:12","slug":"uhapen-ratni-zlocinac-branimir-glava","status":"publish","type":"post","link":"https:\/\/srcekrajine.org\/?p=59","title":{"rendered":"Uhap\u0161en ratni zlocinac Branimir Glava\u0161"},"content":{"rendered":"<p class=\"lead\">Bosanska policija uhapsila Branimira Glava\u0161a, koji je pobegao iz Hrvatske po\u0161to je osu\u0111en na 10 godina zatvora zbog zlo\u010dina nad Srbima. Glava\u0161, koji je uhap\u0161en na Kupresu, \u017eeli su\u0111enje u BiH. Neizvesno izru\u010denje Hrvatskoj.<\/p>\n<div class=\"boxHalf\">\n<div class=\"boxImage\"><img loading=\"lazy\" decoding=\"async\" src=\"http:\/\/www.rts.rs\/upload\/storyBoxImageData\/2009\/05\/13\/260883\/01_BranimirGlavas.jpg\" border=\"0\" alt=\"01_BranimirGlavas.jpg\" title=\"01_BranimirGlavas.jpg\" width=\"250\" height=\"161\" \/><\/div>\n<\/div>\n<p> <!--more--> <\/p>\n<p>Branimir Glava\u0161 uhap\u0161en je jutros u Kupresu na osnovu me\u0111unarodne poternice, koju je za njim\u00a0raspisala hrvatska policija, potvrdio je portparol federalnog MUP-a Robert Cvrtak.<\/p>\n<p>Oko 11 sati u Sarajevu se o\u010dekuje njegovo privo\u0111enje, potvrdio je za HRT Glava\u0161ev sarajevski advokat Nikica Gr\u017ei\u0107.<\/p>\n<p>Prema proceduri, policija \u0107e s Glava\u0161om obaviti informativni razgovor i\u00a0 utvrditi da li je dr\u017eavljanstvo BiH stekao legalno.<\/p>\n<p>S obzirom da je policija BiH ranije potvrdila da je\u00a0je Glava\u0161 zatra\u017eio i dobio njihovo dr\u017eavljanstvo, o\u010dekuje se da \u0107e biti oslobo\u0111en.<\/p>\n<p>Bosanskohercegova\u010dko dr\u017eavljanstvo zakonska je prepreka za njegovo izru\u010denje Hrvatskoj.<\/p>\n<p>Zagreba\u010dki \u017eupanijski suda Glava\u0161u je odredio pritvor, nakon \u0161to je\u00a0Mandatno-imunitetno poverenstvo Sabora\u00a0donelo odluku o ukidanju\u00a0poslani\u010dkog imuniteta.<\/p>\n<p>Glava\u0161 je\u00a0prvostepeno osu\u0111en na deset godina zatvora zbog ratnih zlo\u010dina po\u010dinjenih u Osjeku nad srpskim civilima, i njemu je Hrvatski Sabor pre dva dana ukinuo imunitet.<\/p>\n<p>Glava\u0161 je, u intervjuu dana\u0161njem &#8222;Dnevnom Avazu&#8220;, izjavio da \u017eeli da mu se sudi u BiH jer bi taj proces, prema njegovom mi\u0161ljenju, bio pravi\u010dan, i da presudu \u017dupanijskog suda u Zagrebu, koji ga je zbog ratnih zlo\u010dina u Osijeku nepravosna\u017eno osudio na\u00a0deset godina zatvora smatra &#8222;rezultatom Sanaderove politi\u010dke direktive koja datira jo\u0161 od aprila 2005. godine&#8220;. <\/p>\n<p>Glava\u0161 je izjavio da se, posle raspisivanja poternice za njim, sam javio MUP-u Federacije BiH i dodao da sada \u010deka saslu\u0161anje.<br \/><strong><br \/><\/strong>Predsednik Hrvatske\u00a0Stjepan Mesi\u0107\u00a0izjavio je ju\u010de\u00a0da bi\u00a0problem neizru\u010divanja dr\u017eavljana izme\u0111u Hrvatske i BiH trebalo re\u0161iti me\u0111udr\u017eavnim sporazumom.<\/p>\n<p>Mesi\u0107 je istakao\u00a0da ne treba vr\u0161iti selekciju\u00a0prema kaznenim delima, jer bi se opet tra\u017eio izlaz koga treba izru\u010diti, a koga ne, javlja HRT.<\/p>\n<div class=\"clear\"><img loading=\"lazy\" decoding=\"async\" src=\"http:\/\/www.rts.rs\/img\/_spacer.gif\" border=\"0\" alt=\"1\" width=\"1\" height=\"1\" \/><\/div>\n","protected":false},"excerpt":{"rendered":"<p>Bosanska policija uhapsila Branimira Glava\u0161a, koji je pobegao iz Hrvatske po\u0161to je osu\u0111en na 10 godina zatvora zbog zlo\u010dina nad Srbima. Glava\u0161, koji je uhap\u0161en na Kupresu, \u017eeli su\u0111enje u BiH. Neizvesno izru\u010denje Hrvatskoj.<\/p>\n","protected":false},"author":1,"featured_media":0,"comment_status":"open","ping_status":"open","sticky":false,"template":"","format":"standard","meta":{"footnotes":""},"categories":[1],"tags":[],"_links":{"self":[{"href":"https:\/\/srcekrajine.org\/index.php?rest_route=\/wp\/v2\/posts\/59"}],"collection":[{"href":"https:\/\/srcekrajine.org\/index.php?rest_route=\/wp\/v2\/posts"}],"about":[{"href":"https:\/\/srcekrajine.org\/index.php?rest_route=\/wp\/v2\/types\/post"}],"author":[{"embeddable":true,"href":"https:\/\/srcekrajine.org\/index.php?rest_route=\/wp\/v2\/users\/1"}],"replies":[{"embeddable":true,"href":"https:\/\/srcekrajine.org\/index.php?rest_route=%2Fwp%2Fv2%2Fcomments&post=59"}],"version-history":[{"count":0,"href":"https:\/\/srcekrajine.org\/index.php?rest_route=\/wp\/v2\/posts\/59\/revisions"}],"wp:attachment":[{"href":"https:\/\/srcekrajine.org\/index.php?rest_route=%2Fwp%2Fv2%2Fmedia&parent=59"}],"wp:term":[{"taxonomy":"category","embeddable":true,"href":"https:\/\/srcekrajine.org\/index.php?rest_route=%2Fwp%2Fv2%2Fcategories&post=59"},{"taxonomy":"post_tag","embeddable":true,"href":"https:\/\/srcekrajine.org\/index.php?rest_route=%2Fwp%2Fv2%2Ftags&post=59"}],"curies":[{"name":"wp","href":"https:\/\/api.w.org\/{rel}","templated":true}]}}