{"id":5949,"date":"2015-05-15T09:39:22","date_gmt":"2015-05-15T07:39:22","guid":{"rendered":"https:\/\/srcekrajine.org\/?p=5949"},"modified":"2015-05-15T09:39:56","modified_gmt":"2015-05-15T07:39:56","slug":"branio-srbe-a-tuzili-ga-hrvati-zato-sto-ih-je-uporedio-sa-nacistima","status":"publish","type":"post","link":"https:\/\/srcekrajine.org\/?p=5949","title":{"rendered":"Tu\u017eili ga Hrvati zato \u0161to ih je uporedio sa nacistima"},"content":{"rendered":"<p>Ve\u010dernje novosti &#8211; 13.05.2015<\/p>\n<p class=\"attachment\"><a href=\"http:\/\/www.intermagazin.rs\/wp-content\/uploads\/2015\/05\/BOB-DYLAN1_620x0.jpg\"><img loading=\"lazy\" decoding=\"async\" class=\"attachment-medium\" src=\"http:\/\/www.intermagazin.rs\/wp-content\/uploads\/2015\/05\/BOB-DYLAN1_620x0-600x337.jpg\" alt=\"BOB-DYLAN1_620x0\" width=\"600\" height=\"337\" \/><\/a><\/p>\n<p>\u010cuvena amerBranii\u010dka muzi\u010dka zvezda Bob Dilan na\u0161ao se na sudu zbog srpsko-hrvatskih ratnih sporova. Poznati muzi\u010dar je svojevremeno dao izjavu jednom francuskom listu koja je silno uvredila Hrvate, pa je \u010ditava stvar dospela na tapet pravosu\u0111a, a poslednje ro\u010di\u0161te odr\u017eano je u utorak.<!--more--><\/p>\n<p>Dilan je u francuskoj verziji mese\u010dne revije \u201eRolingston\u201c u intervjuu objavljenom 30. septembra 2012. godine izrekao i za Hrvate spornu re\u010denicu:<\/p>\n<p>\u201eAko u krvi imate Kju Kluks Klan, crnci to mogu, \u010dak i danas, da osete. Ba\u0161 kao \u0161to Jevreji mogu da osete nacistu, a Srbi Hrvata.\u201c<\/p>\n<p>Francuski advokat hrvatskog porekla Ivan Jura\u0161inovi\u0107 podneo je 2013. godine tu\u017ebu u ime Predstavni\u010dkog ve\u0107a hrvatskih ustanova i zajednice Francuske (CRICCF), na osnovu francuskih antidiskriminatorskih zakona, zbog \u201ejavne uvrede i podsticanja na mr\u017enju\u201c.<\/p>\n<p>U to vreme, pi\u0161u\u0107i o ovoj tu\u017ebi koja je izazvala dosta pa\u017enje, francuska nacionalna informativna agencija AFP je, izme\u0111u ostalog podsetila da je tokom Drugog svetskog rata hrvatski usta\u0161ki re\u017eim, kao saveznik nacista, izazvao smrt stotina hiljada Srba, Jevreja, Roma i antifa\u0161isti\u010dkih Hrvata, u koncentracionim logorima koje su formirali. Francuski mediji, poput velikog regionalnog lista \u201eDepe\u0161 midi\u201c ovaj intervju su ocenili kao \u201eantiratni\u201c.<\/p>\n<p>Postupak je pokrenut u decembru 2013, a ubrzo posle toga sud je odlu\u010dio da ne goni Dilana, koji je dokazao da je intervju dao za ameri\u010dku verziju lista, pa prema tome mo\u017ee da odgovora samo pred tamo\u0161njim pravosudnim organima, a ne i francuskim. Kola su se zato slomila na direktoru francuskog izdanja \u201eRolingstona\u201c Majklu Birnbaumu, zbog toga \u0161to je objavio intervju.<\/p>\n<p>Na ro\u010di\u0161tu odr\u017eanom u utorak u Parizu, koje je trajalo nekoliko sati, trebalo je da se, u svojstvu svedoka, ipak pojavi i Bob Dilan, ali on nije do\u0161ao, iako je Birnbaum najavljivao takvu mogu\u0107nost.<\/p>\n<p>Izvori bliski ovom dosijeu, ka\u017eu da su se na ro\u010di\u0161tu potanko pretresali srpsko-hrvatski odnosi kroz istoriju, uklju\u010duju\u0107i zlo\u010dine iz Drugog svetskog rata, akciju \u201eOluja\u201c, kada su Srbi bili primorani da napuste Hrvatsku i nedavnu presudu Me\u0111unarodnog suda pravde po me\u0111usobnim tu\u017ebama Hrvatske i Srbije za genocid.<\/p>\n<p>Saznalo se, tako, da je, navodno, i biv\u0161i hrvatski predsednik Ivo Josipovi\u0107 svojevremeno zvao Dilana da do\u0111e i izvini se, \u010dime bi se stvar stavila ad akta, ali je ovaj to odbio.<\/p>\n<p>Presuda se o\u010dekuje 16. juna.<\/p>\n<p><b>SIMBOLI\u010cNO <\/b><\/p>\n<p>Obe\u0161te\u0107enje Francuski Hrvati tra\u017ee simboli\u010dno obe\u0161te\u0107enje od jednog evra, \u017eele\u0107i, pre svega, priznavanje Dilanove \u201ekrivice\u201c. Njihov pravni zastupnik Jura\u0161inovi\u0107 je hrvatskim medijima preneo da je zadovoljan time kako je proteklo ovo ro\u010di\u0161te.<\/p>\n","protected":false},"excerpt":{"rendered":"<p>Ve\u010dernje novosti &#8211; 13.05.2015 \u010cuvena amerBranii\u010dka muzi\u010dka zvezda Bob Dilan na\u0161ao se na sudu zbog srpsko-hrvatskih ratnih sporova. Poznati muzi\u010dar je svojevremeno dao izjavu jednom francuskom listu koja je silno uvredila Hrvate, pa je \u010ditava stvar dospela na tapet pravosu\u0111a, a poslednje ro\u010di\u0161te odr\u017eano je u utorak.<\/p>\n","protected":false},"author":2,"featured_media":0,"comment_status":"open","ping_status":"open","sticky":false,"template":"","format":"standard","meta":{"footnotes":""},"categories":[1],"tags":[],"_links":{"self":[{"href":"https:\/\/srcekrajine.org\/index.php?rest_route=\/wp\/v2\/posts\/5949"}],"collection":[{"href":"https:\/\/srcekrajine.org\/index.php?rest_route=\/wp\/v2\/posts"}],"about":[{"href":"https:\/\/srcekrajine.org\/index.php?rest_route=\/wp\/v2\/types\/post"}],"author":[{"embeddable":true,"href":"https:\/\/srcekrajine.org\/index.php?rest_route=\/wp\/v2\/users\/2"}],"replies":[{"embeddable":true,"href":"https:\/\/srcekrajine.org\/index.php?rest_route=%2Fwp%2Fv2%2Fcomments&post=5949"}],"version-history":[{"count":2,"href":"https:\/\/srcekrajine.org\/index.php?rest_route=\/wp\/v2\/posts\/5949\/revisions"}],"predecessor-version":[{"id":5951,"href":"https:\/\/srcekrajine.org\/index.php?rest_route=\/wp\/v2\/posts\/5949\/revisions\/5951"}],"wp:attachment":[{"href":"https:\/\/srcekrajine.org\/index.php?rest_route=%2Fwp%2Fv2%2Fmedia&parent=5949"}],"wp:term":[{"taxonomy":"category","embeddable":true,"href":"https:\/\/srcekrajine.org\/index.php?rest_route=%2Fwp%2Fv2%2Fcategories&post=5949"},{"taxonomy":"post_tag","embeddable":true,"href":"https:\/\/srcekrajine.org\/index.php?rest_route=%2Fwp%2Fv2%2Ftags&post=5949"}],"curies":[{"name":"wp","href":"https:\/\/api.w.org\/{rel}","templated":true}]}}