{"id":6013,"date":"2015-05-18T21:38:33","date_gmt":"2015-05-18T19:38:33","guid":{"rendered":"https:\/\/srcekrajine.org\/?p=6013"},"modified":"2015-05-18T21:38:33","modified_gmt":"2015-05-18T19:38:33","slug":"obrazovanjem-protiv-klanja","status":"publish","type":"post","link":"https:\/\/srcekrajine.org\/?p=6013","title":{"rendered":"Obrazovanjem protiv klanja!"},"content":{"rendered":"<p><b>Objavljeno:<\/b> 18. maj 2015<\/p>\n<p><a href=\"http:\/\/www.pravda.rs\/wp-content\/uploads\/2015\/03\/kusturica-tjub.png\"><img loading=\"lazy\" decoding=\"async\" class=\"size-large wp-image-458122\" title=\"Kusturica: Obrazovanjem protiv klanja!\" src=\"http:\/\/www.pravda.rs\/wp-content\/uploads\/2015\/03\/kusturica-tjub-650x427.png\" alt=\"kusturica tjub 650x427 Kusturica: Obrazovanjem protiv klanja!\" width=\"650\" height=\"427\" \/><\/a><\/p>\n<p>\u201eMnogi umjetnici prave gre\u0161ku, time \u0161to prekidaju saradnju sa dr\u017eavom, kada se ne sla\u017eu sa politi\u010darima. To je glupo. Ja sara\u0111ujem od 1983. godine sa politi\u010darima. Tada sam se obratio Cvijetinu Mijatovi\u0107u, kasnijem predsjedavaju\u0107em Predsjedni\u0161tva Socijalisti\u010dke Jugoslavije. Kasnije sam nai\u0161ao na Slobodana Milo\u0161evi\u0107a, Vojislava Ko\u0161tunicu i Milorada Dodika. Ta metoda je sporna samo ako rezultat nije odgovaraju\u0107i\u201c, rekao je Kusturica u intervjuu za ciri\u0161ki list \u201eNoje Cirher Cajtung\u201c.<!--more--><\/p>\n<p>Na tvrdnju da njegov uspeh ima veze i sa politikom, Kusturica je rekao da na Balkanu nema drame bez politike.<\/p>\n<p>\u201eAko pogledate na\u0161a najva\u017enija djela, Selimovi\u0107evu \u2018Tvr\u0111avu\u2019, radove Ace Popovi\u0107a ili Du\u0161ana Kova\u010devi\u0107a, kod svih je politika glavni motiv. To je druga\u010dije u \u0160vajcarskoj. Tamo drama mo\u017ee da ima \u010disto individualni karakter. Ali ovdje se individualna svijest, ne mo\u017ee odijeliti od dru\u0161tvene situacije. Ovdje je pojedinac neodvojivo spojen za svoje \u2018krdo\u2019\u201c, naglasio je srpski re\u017eiser.<\/p>\n<p>On je ocenio da je, pre svega, u malim dr\u017eavama bolje raditi sa dr\u017eavom nego sa tajkunima, jer su tajkuni zainteresovani samo za profit.<\/p>\n<p>Govore\u0107i o svom idejnom projektu \u2013 Andri\u0107gradu, Kusturica je rekao da je Ivo Andri\u0107 odrastao u Vi\u0161egradu i kroz prozor posmatrao most i divio se.<\/p>\n<p>\u201eKada je postao uspje\u0161an pisac, on je napisao da su putevi njegovog djetinjstva bili najva\u017eniji putevi i da su najtu\u017eniji u njegovom \u017eivotu bili crveni tepisi, po kojima je hodao. On je razumio bosansku sudbinu. Bez obzira na to koliko visoko leti\u0161, na kraju ostaje\u0161 vezan za put djetinjstva\u201c, naglasio je Kusturica.<\/p>\n<p>On je dodao da \u017eeli tu misao da iskoristi za svoj kulturno obrazovni centar.<\/p>\n<p>\u201eRije\u010d je o obrazovanju. Ono je jedini put da se zaustave me\u0111usobna klanja na ovom prostoru. Iz Vi\u0161egrada su se u posljednjem ratu svi muslimani iselili, mnogi su ubijeni, ve\u0107ina je protjerana. U ostalim dijelovima isto\u010dne Bosne bilo je gore. Vi\u0161egrad je jedan depresivan grad, izme\u0111u ostalog, zato \u0161to tamo nema vi\u0161e muslimana\u201c, ka\u017ee Kusturica.<\/p>\n<p>On je rekao da je njegova ideja da tim tvrdim glavama, koje mogu da se sete postanka svijeta i svih konflikata od postanka sveta, ponudi ne\u0161to protiv depresije da se ne bi ponovo klali.<\/p>\n<p>\u201eU svakom od tih ljudi krije se toliko mnogo kontroverzi. Da bi tu napetost isprovocirali u Bosni vam ne trebaju nikakve razli\u010dite etni\u010dke grupe. Taj bijes nema ni\u0161ta sa razli\u010ditim religijama. Andri\u0107 to opisuje ovako \u2013 duboko ukopan kao u brdu sedimentiran bijes. Kada on poraste, to je kao plamen vatre. Moj povratak u Bosnu de\u0161ava se na poluostrvu u Vi\u0161egradu. Ovdje \u017eelim da stvorim ne\u0161to dobro. U Bosni sam napadan zbog svega, \u0161to nisam uradio. Najgore \u0161to ka\u017eu jeste da sam pio viski sa Milo\u0161evi\u0107em kada je pala Srebrenica. To je totalno nenormalno i potpuno izmi\u0161ljeno\u201c, naglasio je Kusturica.<\/p>\n<p>On je podsetio da je najve\u0107u borbu za Andri\u0107grad imao sa Vi\u0161egra\u0111anima, \u0161to je, kako jer naglasio, za nepoverovati.<\/p>\n<p>\u201eAli sada ti provincijalci imaju kafanu u Andri\u0107gradu koja izgleda kao kafana u Dubrovniku. Gledaju ljude koji ranije nikada ne bi ni kro\u010dili u Vi\u0161egrad. Sada u srcu grada imaju turski dio sa minaretom. Pet hiljada islamskih zajednica nisu bile u stanju da tamo grade. Ja sam to uradio. Postavi\u0107u i spomenik \u2013 Mehmed Pa\u0161a Sokolovi\u0107 grli svog brata Makarija, srpskog patrijarha iz Pe\u0107i. Kada na\u0161i narodi ne \u017eive izmje\u0161ani, to nije dobro, tako se pokazalo. Pogledajte Sarajevo. Taj grad samo daje privid multietni\u010dkog \u017eivota\u201c, rekao je Kusturica.<\/p>\n<p>Na pitanje zbog \u010dega mu je identitet toliko va\u017ean s obzirom da se 2005. godine krstio u Srpskoj pravoslavnoj crkvi, Kusturica je rekao da je tragao za svojim poreklom kada su mu umrli roditelji.<\/p>\n<p>\u201eJa sam za Sarajevo izdajica. Tada sam jednostavno \u017eelio da znam, gdje pripadam. To je bio poriv, kao za higijenom. Onda sam brzo odlu\u010dio. Ali sada me smatraju krivim, \u0161to sam tragao za svojim identitetom\u201c, naglasio je Kusturica u intervjuu za ciri\u0161ki list \u201eNoje Cirher Cajtung\u201c.<\/p>\n<p>On je rekao da mu prebacuju da je promenio veru, \u0161to nije ta\u010dno. \u201eJa nikada nisam imao vjeru. Krstio sam se da bih znao gdje \u0107u biti sahranjen\u201c, rekao je Kusturica.<\/p>\n","protected":false},"excerpt":{"rendered":"<p>Objavljeno: 18. maj 2015 \u201eMnogi umjetnici prave gre\u0161ku, time \u0161to prekidaju saradnju sa dr\u017eavom, kada se ne sla\u017eu sa politi\u010darima. To je glupo. Ja sara\u0111ujem od 1983. godine sa politi\u010darima. Tada sam se obratio Cvijetinu Mijatovi\u0107u, kasnijem predsjedavaju\u0107em Predsjedni\u0161tva Socijalisti\u010dke Jugoslavije. Kasnije sam nai\u0161ao na Slobodana Milo\u0161evi\u0107a, Vojislava Ko\u0161tunicu i Milorada Dodika. Ta metoda je [&hellip;]<\/p>\n","protected":false},"author":2,"featured_media":0,"comment_status":"open","ping_status":"open","sticky":false,"template":"","format":"standard","meta":{"footnotes":""},"categories":[1],"tags":[],"_links":{"self":[{"href":"https:\/\/srcekrajine.org\/index.php?rest_route=\/wp\/v2\/posts\/6013"}],"collection":[{"href":"https:\/\/srcekrajine.org\/index.php?rest_route=\/wp\/v2\/posts"}],"about":[{"href":"https:\/\/srcekrajine.org\/index.php?rest_route=\/wp\/v2\/types\/post"}],"author":[{"embeddable":true,"href":"https:\/\/srcekrajine.org\/index.php?rest_route=\/wp\/v2\/users\/2"}],"replies":[{"embeddable":true,"href":"https:\/\/srcekrajine.org\/index.php?rest_route=%2Fwp%2Fv2%2Fcomments&post=6013"}],"version-history":[{"count":1,"href":"https:\/\/srcekrajine.org\/index.php?rest_route=\/wp\/v2\/posts\/6013\/revisions"}],"predecessor-version":[{"id":6014,"href":"https:\/\/srcekrajine.org\/index.php?rest_route=\/wp\/v2\/posts\/6013\/revisions\/6014"}],"wp:attachment":[{"href":"https:\/\/srcekrajine.org\/index.php?rest_route=%2Fwp%2Fv2%2Fmedia&parent=6013"}],"wp:term":[{"taxonomy":"category","embeddable":true,"href":"https:\/\/srcekrajine.org\/index.php?rest_route=%2Fwp%2Fv2%2Fcategories&post=6013"},{"taxonomy":"post_tag","embeddable":true,"href":"https:\/\/srcekrajine.org\/index.php?rest_route=%2Fwp%2Fv2%2Ftags&post=6013"}],"curies":[{"name":"wp","href":"https:\/\/api.w.org\/{rel}","templated":true}]}}