{"id":6023,"date":"2015-05-19T14:59:12","date_gmt":"2015-05-19T12:59:12","guid":{"rendered":"https:\/\/srcekrajine.org\/?p=6023"},"modified":"2015-05-19T14:59:12","modified_gmt":"2015-05-19T12:59:12","slug":"draza-pavelic-tito","status":"publish","type":"post","link":"https:\/\/srcekrajine.org\/?p=6023","title":{"rendered":"Dra\u017ea Pavelic Tito"},"content":{"rendered":"<p class=\"attachment\">\n<p class=\"attachment\"><a href=\"http:\/\/www.intermagazin.rs\/wp-content\/uploads\/2015\/01\/0-dmitrovic_620x0-ratko-686.jpg\"><img loading=\"lazy\" decoding=\"async\" class=\"attachment-medium\" src=\"http:\/\/www.intermagazin.rs\/wp-content\/uploads\/2015\/01\/0-dmitrovic_620x0-ratko-686-600x419.jpg\" alt=\"0-dmitrovic_620x0 ratko 686\" width=\"600\" height=\"419\" \/><\/a><\/p>\n<p>Pi\u0161e: Ratko Dmitrovi\u0107\u00a0 &#8211; 17.05.2015<\/p>\n<p>Rehabilitacija Dra\u017ee Mihailovi\u0107a ne mo\u017ee izbrisati zlodela \u010detni\u010dkog pokreta po\u010dinjena u saradnji s nacistima i fa\u0161istima tokom Drugog svetskog rata koja su na ovim prostorima donela velike patnje i stradanja \u2013 izjavila je predsednica Hrvatske, Kolinda Grabar Kitarovi\u0107, 14. maja, oko 11 sati, te odmah oti\u0161la do Blajburga (devedesetak minuta vo\u017enje od Zagreba) i tamo polo\u017eila cve\u0107e na spomenik usta\u0161kim zlo\u010dincima koji su na tom mestu stradali maja 1945. godine. Mo\u017ee li ovo da se razume, i kako? <!--more--><\/p>\n<p>Poru\u010duje li Kolinda, re\u010dima i delima, da je Dra\u017ea bio fa\u0161ista a Paveli\u0107 nije, da su \u010detnici bili saradnici nacista a usta\u0161e saradnici, \u0161ta znam, Engleza, Amerikanaca? Neupu\u0107en posmatra\u010d mogao bi iz predo\u010denog izvu\u0107i ba\u0161 takav zaklju\u010dak.<\/p>\n<p>Kako je Dragoljub Mihailovi\u0107, skupa sa \u010detni\u010dkim pokretom, postao ratni zlo\u010dinac i da li je bio ratni zlo\u010dinac? Hajdemo na \u010dinjenice i logiku. Dra\u017ea je vodio pokret \u010diji su pripadnici \u010dinili zlo\u010dine, \u010dak stra\u0161ne zlo\u010dine. Ta\u010dno. A koji to oru\u017eani pokret na ovim prostorima za vreme Drugog svetskog rata nije \u010dinio zlo\u010dine? Ostavimo na stranu usta\u0161e, to su monstrumi, poreme\u0107ene zveri, najstra\u0161niji krvoloci koje poznaje Evropa, pa da vidimo da li su zlo\u010dine \u010dinili, na primer, komunisti, partizani? Jesu, to vi\u0161e niko ne spori. Samo u Beogradu i okolini, za svega nekoliko meseci, 1944\/1945. ubili su najmanje 30.000 Srba, pripadnika intelektualnog, kulturnog, privrednog sloja srpskog dru\u0161tva koje se ni do danas nije oporavilo.<\/p>\n<p>Komunistima je, po osvajanju vlasti trebao balans izme\u0111u dva najve\u0107a naroda nove dr\u017eave; tako su Srbi dobili \u201efa\u0161iste\u201c na \u010delu s Mihailovi\u0107em. Izjedna\u010deni su usta\u0161e i \u010detnici. U potpunosti, u svemu. Komunisti su u toj postavci bili an\u0111eli, milosrdnici, oslobodioci, spasioci.<\/p>\n<p>Tek po\u010detkom devedesetih biv\u0161i Jugosloveni saznali su da je Loznica bila prvi od Nemaca oslobo\u0111eni grad u porobljenoj Evropi i da su ga, krajem avgusta 1941. godine oslobodili \u010detnici Dra\u017ee Mihailovi\u0107a, pod komandom potpukovnika Veselina Misite; da je 1942. godine u Americi snimljena radio-drama \u201e\u010cetnici\u201c u kojoj glume velike filmske zvezde Orson Vels i Vinsent Prajs; da je Holivud za vreme Drugog svetskog rata snimio film \u201e\u010cetnici \u2013 borbena gerila\u201c; da je najpoznatiji svetski magazin \u201eTajm\u201c 1942. na naslovnoj strani objavio portret Dra\u017ee Mihailovi\u0107a s naslovom \u201eOrao Jugoslavije\u201c; da je Dra\u017eu odlikovao ameri\u010dki predsednik Truman\u2026 O tome se \u0107utalo 45 godina. Zbog onog balansa.<\/p>\n<p>Komunisti, srpski i hrvatski, re\u0107i \u0107e da je Dra\u017ea sara\u0111ivao s Nemcima. A oni, komunisti? Osam dana nakon progla\u0161enja NDH u Zagrebu je potpisan sporazum izme\u0111u usta\u0161a Budaka i Lorkovi\u0107a na jednoj i komunista Bakari\u0107a i Hebranga na drugoj strani.<\/p>\n<p>Titovi partizani nikada nisu \u010dak ni poku\u0161ali da napadnu, oslobode, uni\u0161te logor Jasenovac. Misli li neko da je to bilo slu\u010dajno?<\/p>\n","protected":false},"excerpt":{"rendered":"<p>Pi\u0161e: Ratko Dmitrovi\u0107\u00a0 &#8211; 17.05.2015 Rehabilitacija Dra\u017ee Mihailovi\u0107a ne mo\u017ee izbrisati zlodela \u010detni\u010dkog pokreta po\u010dinjena u saradnji s nacistima i fa\u0161istima tokom Drugog svetskog rata koja su na ovim prostorima donela velike patnje i stradanja \u2013 izjavila je predsednica Hrvatske, Kolinda Grabar Kitarovi\u0107, 14. maja, oko 11 sati, te odmah oti\u0161la do Blajburga (devedesetak minuta [&hellip;]<\/p>\n","protected":false},"author":2,"featured_media":0,"comment_status":"open","ping_status":"open","sticky":false,"template":"","format":"standard","meta":{"footnotes":""},"categories":[1],"tags":[],"_links":{"self":[{"href":"https:\/\/srcekrajine.org\/index.php?rest_route=\/wp\/v2\/posts\/6023"}],"collection":[{"href":"https:\/\/srcekrajine.org\/index.php?rest_route=\/wp\/v2\/posts"}],"about":[{"href":"https:\/\/srcekrajine.org\/index.php?rest_route=\/wp\/v2\/types\/post"}],"author":[{"embeddable":true,"href":"https:\/\/srcekrajine.org\/index.php?rest_route=\/wp\/v2\/users\/2"}],"replies":[{"embeddable":true,"href":"https:\/\/srcekrajine.org\/index.php?rest_route=%2Fwp%2Fv2%2Fcomments&post=6023"}],"version-history":[{"count":1,"href":"https:\/\/srcekrajine.org\/index.php?rest_route=\/wp\/v2\/posts\/6023\/revisions"}],"predecessor-version":[{"id":6024,"href":"https:\/\/srcekrajine.org\/index.php?rest_route=\/wp\/v2\/posts\/6023\/revisions\/6024"}],"wp:attachment":[{"href":"https:\/\/srcekrajine.org\/index.php?rest_route=%2Fwp%2Fv2%2Fmedia&parent=6023"}],"wp:term":[{"taxonomy":"category","embeddable":true,"href":"https:\/\/srcekrajine.org\/index.php?rest_route=%2Fwp%2Fv2%2Fcategories&post=6023"},{"taxonomy":"post_tag","embeddable":true,"href":"https:\/\/srcekrajine.org\/index.php?rest_route=%2Fwp%2Fv2%2Ftags&post=6023"}],"curies":[{"name":"wp","href":"https:\/\/api.w.org\/{rel}","templated":true}]}}