{"id":6063,"date":"2015-05-21T20:27:57","date_gmt":"2015-05-21T18:27:57","guid":{"rendered":"https:\/\/srcekrajine.org\/?p=6063"},"modified":"2015-05-21T20:27:57","modified_gmt":"2015-05-21T18:27:57","slug":"cia-i-mosad-sprovode-operaciju-orao","status":"publish","type":"post","link":"https:\/\/srcekrajine.org\/?p=6063","title":{"rendered":"CIA i MOSAD sprovode operaciju \u201eOrao\u201c !"},"content":{"rendered":"<p>(Pravda) 21.05.2015<\/p>\n<p class=\"attachment\"><a href=\"http:\/\/www.intermagazin.rs\/wp-content\/uploads\/2015\/03\/vojislav-seselj-jpg_657685.jpg\"><img loading=\"lazy\" decoding=\"async\" class=\"attachment-medium\" src=\"http:\/\/www.intermagazin.rs\/wp-content\/uploads\/2015\/03\/vojislav-seselj-jpg_657685-600x335.jpg\" alt=\"vojislav-seselj-jpg_657685\" width=\"600\" height=\"335\" \/><\/a><\/p>\n<p>Srpska radikalna stranka obave\u0161tava javnost o strogo skrivanoj informaciji o operaciji \u00a0\u201eIgl\u201c (The Eagle) ili \u201eOrao\u201c, koju pripremaju Amerikanci i koja je izrazito antisrpskog karaktera.<!--more--><\/p>\n<p>\u201eAmeri\u010dka obave\u0161tajna agencija, zajedno sa MOSAD-om pravi plan \u201eIgl\u201c ili \u201eOrao\u201c i taj plan implementira preko Tirane. Glavni obave\u0161tajac je Majkl Baun, koji ne zna srpski jezik i zato mu je kao podr\u0161ka dodeljen Naser Pacoli, ro\u0111ak Bed\u017eeta Pacolija, najbogatijeg Albanca, koji \u017eivi u Luganu.<\/p>\n<p>Plan se sastoji u tome da se Albanija, kao vekovni neprijatelj pravoslavlja na Balkanu, iskoristi za izazivanje napetosti u prvoj fazi, a to je faza koja je ve\u0107 po\u010dela u drugoj polovini 2014. Godine i podrazumeva zapaljive politi\u010dke poruke iz Tirane u odnosu na Kosovo, posebno prema Srbiji. Crna Gora je po\u0161te\u0111ena, jer je ve\u0107 na pragu NATO pakta i mafija\u0161ki izdajni\u010dki re\u017eim Mila \u0110ukanovi\u0107a odra\u0111uje sve \u0161to je potrebno za privatne transakcije novca i dragocenosti pojedincima iz vladaju\u0107ih politi\u010dkih struktura sa Zapada, kao i multinacionalnih kompanija.<\/p>\n<p>Za glavnu metu odre\u0111ena je Srbija, kao centralna zemlja Balkana i potencijalna teritorija, gde bi Rusija mogla da se strate\u0161ki pozicionira u odnosu na Evropu,\u201c izjavio je dr \u0160e\u0161elj na dana\u0161njoj konferenciji za novinare.<\/p>\n<p>Srpska radikalna stranka obave\u0161tava javnost da tvorci ove operacije unazad mesec dana dozirano pritiskaju re\u017eim u Beogradu da se ubrza implementacija Briselskog sporazuma i ujedno napravi otklon prema Rusiji i spoljna politika uskladi sa politikom Brisela. Poseta premijera Vu\u010di\u0107a Tirani je isplanirana ne u Beogradu, ve\u0107 u Briselu, gde \u0107e mu biti stavljeno do znanja da Tirana ne mo\u017ee da obe\u0107a i garantuje da mo\u017ee kontrolisati nezadovoljstvo Albanaca na prostoru Balkana, a posebno Kosova.<\/p>\n","protected":false},"excerpt":{"rendered":"<p>(Pravda) 21.05.2015 Srpska radikalna stranka obave\u0161tava javnost o strogo skrivanoj informaciji o operaciji \u00a0\u201eIgl\u201c (The Eagle) ili \u201eOrao\u201c, koju pripremaju Amerikanci i koja je izrazito antisrpskog karaktera.<\/p>\n","protected":false},"author":2,"featured_media":0,"comment_status":"open","ping_status":"open","sticky":false,"template":"","format":"standard","meta":{"footnotes":""},"categories":[1],"tags":[],"_links":{"self":[{"href":"https:\/\/srcekrajine.org\/index.php?rest_route=\/wp\/v2\/posts\/6063"}],"collection":[{"href":"https:\/\/srcekrajine.org\/index.php?rest_route=\/wp\/v2\/posts"}],"about":[{"href":"https:\/\/srcekrajine.org\/index.php?rest_route=\/wp\/v2\/types\/post"}],"author":[{"embeddable":true,"href":"https:\/\/srcekrajine.org\/index.php?rest_route=\/wp\/v2\/users\/2"}],"replies":[{"embeddable":true,"href":"https:\/\/srcekrajine.org\/index.php?rest_route=%2Fwp%2Fv2%2Fcomments&post=6063"}],"version-history":[{"count":1,"href":"https:\/\/srcekrajine.org\/index.php?rest_route=\/wp\/v2\/posts\/6063\/revisions"}],"predecessor-version":[{"id":6064,"href":"https:\/\/srcekrajine.org\/index.php?rest_route=\/wp\/v2\/posts\/6063\/revisions\/6064"}],"wp:attachment":[{"href":"https:\/\/srcekrajine.org\/index.php?rest_route=%2Fwp%2Fv2%2Fmedia&parent=6063"}],"wp:term":[{"taxonomy":"category","embeddable":true,"href":"https:\/\/srcekrajine.org\/index.php?rest_route=%2Fwp%2Fv2%2Fcategories&post=6063"},{"taxonomy":"post_tag","embeddable":true,"href":"https:\/\/srcekrajine.org\/index.php?rest_route=%2Fwp%2Fv2%2Ftags&post=6063"}],"curies":[{"name":"wp","href":"https:\/\/api.w.org\/{rel}","templated":true}]}}