{"id":63,"date":"2009-05-15T06:26:04","date_gmt":"2009-05-15T04:26:04","guid":{"rendered":"http:\/\/37.251.99.59:5000\/?p=63"},"modified":"2009-05-15T06:26:04","modified_gmt":"2009-05-15T04:26:04","slug":"albanci-predstavili-deane-kao-svoje","status":"publish","type":"post","link":"https:\/\/srcekrajine.org\/?p=63","title":{"rendered":"Albanci predstavili De\u010dane kao svoje"},"content":{"rendered":"<div class=\"content_text_details\">\n<div class=\"home_page_image\" style=\"width: 250px\"> \t\t\t<img decoding=\"async\" src=\"http:\/\/www.politika.rs:8080\/uploads\/rubrike\/86696\/i\/2\/decani2.jpg\" border=\"0\" \/> \t\t\t\t\t\t\t<\/p>\n<div class=\"decs\"> \t\t\t\t\tPogled na srpski srednjovekovni manastir Visoki De\u010dani \t\t\t\t<\/div>\n<\/p><\/div>\n<p>PRI\u0160TINA \u2013 Pod nazivom De\u010danski manastir po\u0161ta Kosova pustila je u promet 10.000 po\u0161tanskih markica u vrednosti od jedan i dva evra, predstavljaju\u0107i na taj na\u010din srpsku srednjovekovnu svetinju kao albansku ba\u0161tinu.<\/p>\n<p>Zamenik direktora PTK Mendu Abazi u izjavi za KIM radio je rekao da oni nisu smatrali da je potrebno da od nekog tra\u017ee dozvolu za to.<\/p>\n<p>\u201eNismo kontaktirali nikog iz crkve prilikom izdavanja ovih markica<\/p>\n<p> <!--more--> <\/p>\n<p>, jer smatramo da to nije bilo potrebno. U pro\u0161losti smo izdavali markice sa likovima Adema Ja\u0161arija i Skenderbega. Sve su to zna\u010dajne istorijske li\u010dnosti i kulturno dobro naroda Kosova, tako da smo mi\u0161ljenja da nam ni\u010dija dozvola nije bila potrebna\u201d.<\/p>\n<p>U SPC ka\u017eu da o markicama ne znaju ni\u0161ta i da ih povodom toga niko nije kontaktirao, dok \u0161ef Euleksa Iv De Kermabon tvrdi da to nije u njihovoj nadle\u017enosti.<\/p>\n<p>\u201ePo\u0161to ne vodim agenciju za za\u0161titu kulturnih spomenika ne mogu da se bavim ovim pitanjem. Ono \u0161to mo\u017eemo da uradimo jeste da ispitamo slu\u010dajeve vezane za imovinu. Ako imate neke podatke, informacije vezane za neka imovinska pitanja spremni smo da ih pogledamo i da predamo taj slu\u010daj na\u0161em sudiji,\u201d rekao Kermabon.<\/p>\n<p>Iako u kancelariji me\u0111unarodnog civilnog predstavnika tvrde da rade na o\u010duvanju kulturne ba\u0161tine na Kosovu, portparol ove misije Endi Mek Gafi smatra da je za ovaj problem nadle\u017ena po\u0161ta Kosova.<\/p>\n<p>\u201eZa nas u ICO nema dileme.Mi radimo veoma blisko sa Ministarstvom kulture Kosova kako ne bi do\u0161lo do prepravljanja istorije. Svima mora da bude jasno da su srpski religiozni objekti srpski, a da su muslimanski objekti muslimanski i mi naporno radimo sa Vladom da osiguramo da to ostane tako\u201d.<\/p>\n<p>Markice na kojima se nalazi manastir Visoki De\u010dani u po\u0161tanskom saobra\u0107aju su ve\u0107 dve nedelje.<\/p>\n<\/p><\/div>\n<p> \t\t\t<\/p>\n<div class=\"ime_pisca\"> \t\t\tFoNet \t\t<\/div>\n<div class=\"datum_item_details\"> \t\t[objavljeno: 13\/05\/2009] <\/div>\n","protected":false},"excerpt":{"rendered":"<p>Pogled na srpski srednjovekovni manastir Visoki De\u010dani PRI\u0160TINA \u2013 Pod nazivom De\u010danski manastir po\u0161ta Kosova pustila je u promet 10.000 po\u0161tanskih markica u vrednosti od jedan i dva evra, predstavljaju\u0107i na taj na\u010din srpsku srednjovekovnu svetinju kao albansku ba\u0161tinu. Zamenik direktora PTK Mendu Abazi u izjavi za KIM radio je rekao da oni nisu smatrali [&hellip;]<\/p>\n","protected":false},"author":1,"featured_media":0,"comment_status":"open","ping_status":"open","sticky":false,"template":"","format":"standard","meta":{"footnotes":""},"categories":[1],"tags":[],"_links":{"self":[{"href":"https:\/\/srcekrajine.org\/index.php?rest_route=\/wp\/v2\/posts\/63"}],"collection":[{"href":"https:\/\/srcekrajine.org\/index.php?rest_route=\/wp\/v2\/posts"}],"about":[{"href":"https:\/\/srcekrajine.org\/index.php?rest_route=\/wp\/v2\/types\/post"}],"author":[{"embeddable":true,"href":"https:\/\/srcekrajine.org\/index.php?rest_route=\/wp\/v2\/users\/1"}],"replies":[{"embeddable":true,"href":"https:\/\/srcekrajine.org\/index.php?rest_route=%2Fwp%2Fv2%2Fcomments&post=63"}],"version-history":[{"count":0,"href":"https:\/\/srcekrajine.org\/index.php?rest_route=\/wp\/v2\/posts\/63\/revisions"}],"wp:attachment":[{"href":"https:\/\/srcekrajine.org\/index.php?rest_route=%2Fwp%2Fv2%2Fmedia&parent=63"}],"wp:term":[{"taxonomy":"category","embeddable":true,"href":"https:\/\/srcekrajine.org\/index.php?rest_route=%2Fwp%2Fv2%2Fcategories&post=63"},{"taxonomy":"post_tag","embeddable":true,"href":"https:\/\/srcekrajine.org\/index.php?rest_route=%2Fwp%2Fv2%2Ftags&post=63"}],"curies":[{"name":"wp","href":"https:\/\/api.w.org\/{rel}","templated":true}]}}