{"id":65,"date":"2009-05-15T06:45:04","date_gmt":"2009-05-15T04:45:04","guid":{"rendered":"http:\/\/37.251.99.59:5000\/?p=65"},"modified":"2009-05-15T06:45:04","modified_gmt":"2009-05-15T04:45:04","slug":"sabor-protiv-artemija-i-vladika-iz-amerike","status":"publish","type":"post","link":"https:\/\/srcekrajine.org\/?p=65","title":{"rendered":"Sabor protiv Artemija i vladika iz Amerike"},"content":{"rendered":"<div class=\"content\">\n<div class=\"field field-type-image field-field-image-for-teaser\" style=\"float: right\">\n<div class=\"field-item\"><img loading=\"lazy\" decoding=\"async\" src=\"http:\/\/www.glas-javnosti.rs\/\/files\/image_for_teaser\/Thumb_001SaborSPC.jpg\" border=\"0\" width=\"350\" height=\"287\" \/><\/div>\n<\/p><\/div>\n<p>BEOGRAD &#8211; Svetom arhijerejskom liturgijom u Sabornoj crkvi i \u010dinom priziva Svetog Duha u patrijar\u0161ijskoj kapeli Svetog Simeona Miroto\u010divog, u Patrijar\u0161ijskom dvoru u Beogradu ju\u010de je po\u010delo redovno zasedanje Svetog arhijerejskog Sabora Srpske pravoslavne crkve. U kratkom saop\u0161tenju Informativne slu\u017ebe SPC, \u201epored niza teku\u0107ih pitanja Sabor \u0107e i ove godine pa\u017enju posvetiti o\u010duvanju vekovnog molitvenog predanja i \u017eivog svedo\u010denja Crkve u savremenom svetu\u201c.<br \/> Zasedanje najvi\u0161eg jerarhijskog tela SPC po\u010delo je utvr\u0111ivanjem dnevnog reda, konstituisanjem radnih tela Sabora i podno\u0161enjem izve\u0161taja vladika o stanju u eparhijama.<\/p>\n<div class=\"field field-type-text field-field-antrfile\" \/>\n<div class=\"field-item\" \/>\n<p><strong>EU da povu\u010de markice De\u010dana<\/strong><\/p>\n<p>  <!--more--> <\/p>\n<p>Srpska pravoslavna crkva \u017eestoko je protestovala kod predstavnika Unmika povodom emitovanja 10.000 po\u0161tanskih markica u vrednosti od jedan i dva evra na kojima je manastir Visoki De\u010dani, drsko predstavljaju\u0107i srpsku srednjovekovnu svetinju kao nekakvu \u201ealbansku ba\u0161tinu\u201c &#8211; potvr\u0111eno je Glasu javnosti.<br \/> \u201e\u010cim se ovaj skandal dogodio kontaktirali smo najuticajnije ljude iz me\u0111unarodne zajednice na KiM. Uveravali su nas da se ovako ne\u0161to vi\u0161e ne\u0107e ponoviti, a obe\u0107ali su i da \u0107e vrlo brzo preduzeti neke konkretnije mere. Jedan od predloga nekih iz EU je da se povu\u010de cela serija markica\u201c, re\u010deno nam je u SPC.<\/p>\n<\/p><\/div>\n<\/div>\n<p> Kako Glas saznaje, crkveni velikodostojnici \u0107e na vi\u0161ednevnom zasedanju iza zatvorenih vrata razgovarati o mnogim goru\u0107im pitanjima &#8211; promeni sastava Sinoda, na\u010dinu slu\u017eenja svete arhijerejske liturgije kao i situaciji u kojoj se nalaze svetinje i narod na KiM.<br \/> Crkveni oci \u0107e jo\u0161 jednom raspravljati o pitanju primopredaje objekata SPC na Kometu. Sabor je pro\u0161le godine, umolio vladiku ra\u0161ko-prizrenskog Artemija da primi, osve\u0161ta i stavi u bogoslu\u017ebenu upotrebu obnovljene crkve i druge objekte SPC na KiM, \u0161to on nije uradio. Vladika Artemije za Glas nije \u017eeleo da govori o ovoj temi.<br \/> Tako\u0111e, Sabor \u0107e se pozabaviti pitanjem velikih problema koje imaju episkopi u SAD, Kanadi i Australiji.<br \/> O\u010dekuje se da bi posebna pa\u017enja trebalo da bude posve\u0107ena stanju u SAD, jer je mitropolit srednjozapadno-ameri\u010dki Hristofor glavni zagovornik stvaranja autonomije SPC u Americi i Kanadi, u okviru autokefalne srpske Patrijar\u0161ije, \u0161to izaziva protivljenje velikog broja Srba u ove dve dr\u017eave. Prema ideji mitropolita Hristofora, ta zamisao bi se ostvarila usvajanjem ustava SPC za ovaj deo sveta, \u0161to bi pretilo da izazove novi raskol. Raskol koji je u Americi nastao 1963. godine zacelili su patrijarh Pavle i mitropoliti Irinej (Kova\u010devi\u0107) tri decenije kasnije, 1992. godine. Prema mi\u0161ljenju pravnika, \u201eameri\u010dki ustav\u201c bio bi ne\u0161to poput \u201evojvo\u0111anskog statuta\u201c protiv kojeg se SPC otvoreno pobunila. Tako\u0111e, prakti\u010dna implementacija ovog \u201eustava\u201c nije mogu\u0107a bez patrijarha Pavla.<br \/> Crkveni analiti\u010dar i publicista Mirko \u0110or\u0111evi\u0107 o\u010dekuje da \u0107e se i na ovom Saboru \u201elomiti koplja\u201c izme\u0111u mitropolita Amfilohija i vladike Artemija, koji ne pristaje na kontrolu Sinoda.<br \/> &#8211; Tako\u0111e, najve\u0107i problem trenutno je Sinod koji je neligitiman, jer je svim episkopima istekao mandat &#8211; ka\u017ee \u0110or\u0111evi\u0107 i dodaje da \u0107e Sabor sigurno morati da se bavi i prete\u0107im raskolom u Americi.<br \/> U radu Sabora u\u010destvuju svi eparhijski arhijereji SPC iz zemlje i rasejanja, osim NJegove svetosti patrijarha srpskog gospodina Pavla, koji se od sredine novembra 2007. godine nalazi na le\u010denju na VMA u Beogradu. <\/div>\n","protected":false},"excerpt":{"rendered":"<p>BEOGRAD &#8211; Svetom arhijerejskom liturgijom u Sabornoj crkvi i \u010dinom priziva Svetog Duha u patrijar\u0161ijskoj kapeli Svetog Simeona Miroto\u010divog, u Patrijar\u0161ijskom dvoru u Beogradu ju\u010de je po\u010delo redovno zasedanje Svetog arhijerejskog Sabora Srpske pravoslavne crkve. U kratkom saop\u0161tenju Informativne slu\u017ebe SPC, \u201epored niza teku\u0107ih pitanja Sabor \u0107e i ove godine pa\u017enju posvetiti o\u010duvanju vekovnog molitvenog [&hellip;]<\/p>\n","protected":false},"author":1,"featured_media":0,"comment_status":"open","ping_status":"open","sticky":false,"template":"","format":"standard","meta":{"footnotes":""},"categories":[1],"tags":[],"_links":{"self":[{"href":"https:\/\/srcekrajine.org\/index.php?rest_route=\/wp\/v2\/posts\/65"}],"collection":[{"href":"https:\/\/srcekrajine.org\/index.php?rest_route=\/wp\/v2\/posts"}],"about":[{"href":"https:\/\/srcekrajine.org\/index.php?rest_route=\/wp\/v2\/types\/post"}],"author":[{"embeddable":true,"href":"https:\/\/srcekrajine.org\/index.php?rest_route=\/wp\/v2\/users\/1"}],"replies":[{"embeddable":true,"href":"https:\/\/srcekrajine.org\/index.php?rest_route=%2Fwp%2Fv2%2Fcomments&post=65"}],"version-history":[{"count":0,"href":"https:\/\/srcekrajine.org\/index.php?rest_route=\/wp\/v2\/posts\/65\/revisions"}],"wp:attachment":[{"href":"https:\/\/srcekrajine.org\/index.php?rest_route=%2Fwp%2Fv2%2Fmedia&parent=65"}],"wp:term":[{"taxonomy":"category","embeddable":true,"href":"https:\/\/srcekrajine.org\/index.php?rest_route=%2Fwp%2Fv2%2Fcategories&post=65"},{"taxonomy":"post_tag","embeddable":true,"href":"https:\/\/srcekrajine.org\/index.php?rest_route=%2Fwp%2Fv2%2Ftags&post=65"}],"curies":[{"name":"wp","href":"https:\/\/api.w.org\/{rel}","templated":true}]}}