{"id":68,"date":"2009-05-16T15:55:44","date_gmt":"2009-05-16T13:55:44","guid":{"rendered":"http:\/\/37.251.99.59:5000\/?p=68"},"modified":"2009-05-16T15:55:44","modified_gmt":"2009-05-16T13:55:44","slug":"proslava-hramovne-slave-u-otocu","status":"publish","type":"post","link":"https:\/\/srcekrajine.org\/?p=68","title":{"rendered":"Proslava hramovne slave u Oto\u010dcu"},"content":{"rendered":"<p><a href=\"http:\/\/www.eparhija-gornjokarlovacka.hr\/Images\/Novosti\/2009\/011-04.jpg\"> \t\t<img loading=\"lazy\" decoding=\"async\" class=\"style207\" src=\"http:\/\/www.eparhija-gornjokarlovacka.hr\/Images\/Novosti\/2009\/small\/011-04_small.jpg\" border=\"0\" width=\"82\" height=\"110\" \/><\/a><span class=\"style220\"><em>06. <\/em><\/span> \t\t\t<span class=\"style220\"><em>05.<\/em><\/span><span class=\"style220\"><em>  \t\t\t200<span>9<\/span> god.<\/em><\/span> \t\t<\/p>\n<p class=\"style224\">Povodom hramovne slave u Oto\u010dcu, praznika Svetog velikomu\u010denika i pobedonosca Georgija, Njegovo Preosve\u0161tenstvo Episkop gornjokarlova\u010dki G.G. Gerasim slu\u017eio je Svetu Arhijerejsku Liturgiju uz saslu\u017eenje prezvitera Sla\u0111ana Niki\u0107a, paroha parohije oto\u010da\u010dke i prezvitera Gorana Slavni\u0107a, paroha parohije II karlova\u010dke.<\/p>\n<p> <!--more-->    \t\t<\/p>\n<p class=\"style66\"><span class=\"style65\">Govore\u0107i o zna\u010daju dana\u0161njeg praznika i mu\u010deni\u0161tva Svetog Georgija, Episkop Gerasim pozvao je vernike da primerom Svetog Georgija verom u Boga, postom i molitvom pobe\u0111uju sva isku\u0161enja i da se sabiraju na<\/span><span class=\"style65\">  \t\t<\/span><span class=\"style65\">Svetoj Liturgiji i okupljaju oko svoje Crkve, te da u su\u017eivotu sa svojim kom\u0161ijama druge narodnosti i veroispovesti grade jedno dru\u0161tvo puno razumevanja i tolerancije.<\/span><\/p>\n<p class=\"style66\"><span class=\"style65\">Episkop Gerasim je pozdravio i  \t\tprisutne na svetoj liturgiji, <\/span> \t\t<span class=\"style65\"> <\/span><span class=\"style65\">gradona\u010delnika grada Oto\u010dca G. Maria Barkovi\u0107a, na\u010delnika op\u0161tine Vrhovine G. Milorada Deli\u0107a sa njihovim saradnicima, koji su po zavr\u0161etku Svete Liturgije prisustvovali i trpezi ljubavi prire\u0111enom povodom ovog velikog praznika.<\/span><\/p>\n<p class=\"style235\"><a href=\"http:\/\/www.eparhija-gornjokarlovacka.hr\/Images\/Novosti\/2009\/011-06.jpg\"> \t\t<img loading=\"lazy\" decoding=\"async\" class=\"style207\" src=\"http:\/\/www.eparhija-gornjokarlovacka.hr\/Images\/Novosti\/2009\/small\/011-06_small.jpg\" border=\"0\" width=\"82\" height=\"110\" \/><\/a>   \t\t<a href=\"http:\/\/www.eparhija-gornjokarlovacka.hr\/Images\/Novosti\/2009\/011-05.jpg\"> \t\t<img loading=\"lazy\" decoding=\"async\" class=\"style207\" src=\"http:\/\/www.eparhija-gornjokarlovacka.hr\/Images\/Novosti\/2009\/small\/011-05_small.jpg\" border=\"0\" width=\"82\" height=\"110\" \/><\/a><\/p>\n<p class=\"style235\"><a href=\"http:\/\/www.eparhija-gornjokarlovacka.hr\/Images\/Novosti\/2009\/011-03.jpg\"> \t\t<img loading=\"lazy\" decoding=\"async\" class=\"style207\" src=\"http:\/\/www.eparhija-gornjokarlovacka.hr\/Images\/Novosti\/2009\/small\/011-03_small.jpg\" border=\"0\" width=\"146\" height=\"110\" \/><\/a>   \t\t<a href=\"http:\/\/www.eparhija-gornjokarlovacka.hr\/Images\/Novosti\/2009\/011-02.jpg\"> \t\t<img loading=\"lazy\" decoding=\"async\" class=\"style207\" src=\"http:\/\/www.eparhija-gornjokarlovacka.hr\/Images\/Novosti\/2009\/small\/011-02_small.jpg\" border=\"0\" width=\"146\" height=\"110\" \/><\/a>  \t\t<a href=\"http:\/\/www.eparhija-gornjokarlovacka.hr\/Images\/Novosti\/2009\/011-01.jpg\"> \t\t<img loading=\"lazy\" decoding=\"async\" class=\"style207\" src=\"http:\/\/www.eparhija-gornjokarlovacka.hr\/Images\/Novosti\/2009\/small\/011-01_small.jpg\" border=\"0\" width=\"146\" height=\"110\" \/><\/a><\/p>\n<p class=\"style239\"><a name=\"1142\" title=\"1142\"><\/a><\/p>\n<div style=\"text-align: center\"><img loading=\"lazy\" decoding=\"async\" src=\"http:\/\/www.eparhija-gornjokarlovacka.hr\/Images\/zastavica%202.gif\" border=\"0\" width=\"115\" height=\"39\" \/><\/div>\n","protected":false},"excerpt":{"rendered":"<p>06. 05. 2009 god. Povodom hramovne slave u Oto\u010dcu, praznika Svetog velikomu\u010denika i pobedonosca Georgija, Njegovo Preosve\u0161tenstvo Episkop gornjokarlova\u010dki G.G. Gerasim slu\u017eio je Svetu Arhijerejsku Liturgiju uz saslu\u017eenje prezvitera Sla\u0111ana Niki\u0107a, paroha parohije oto\u010da\u010dke i prezvitera Gorana Slavni\u0107a, paroha parohije II karlova\u010dke.<\/p>\n","protected":false},"author":1,"featured_media":0,"comment_status":"open","ping_status":"open","sticky":false,"template":"","format":"standard","meta":{"footnotes":""},"categories":[1],"tags":[],"_links":{"self":[{"href":"https:\/\/srcekrajine.org\/index.php?rest_route=\/wp\/v2\/posts\/68"}],"collection":[{"href":"https:\/\/srcekrajine.org\/index.php?rest_route=\/wp\/v2\/posts"}],"about":[{"href":"https:\/\/srcekrajine.org\/index.php?rest_route=\/wp\/v2\/types\/post"}],"author":[{"embeddable":true,"href":"https:\/\/srcekrajine.org\/index.php?rest_route=\/wp\/v2\/users\/1"}],"replies":[{"embeddable":true,"href":"https:\/\/srcekrajine.org\/index.php?rest_route=%2Fwp%2Fv2%2Fcomments&post=68"}],"version-history":[{"count":0,"href":"https:\/\/srcekrajine.org\/index.php?rest_route=\/wp\/v2\/posts\/68\/revisions"}],"wp:attachment":[{"href":"https:\/\/srcekrajine.org\/index.php?rest_route=%2Fwp%2Fv2%2Fmedia&parent=68"}],"wp:term":[{"taxonomy":"category","embeddable":true,"href":"https:\/\/srcekrajine.org\/index.php?rest_route=%2Fwp%2Fv2%2Fcategories&post=68"},{"taxonomy":"post_tag","embeddable":true,"href":"https:\/\/srcekrajine.org\/index.php?rest_route=%2Fwp%2Fv2%2Ftags&post=68"}],"curies":[{"name":"wp","href":"https:\/\/api.w.org\/{rel}","templated":true}]}}