{"id":69,"date":"2009-05-16T15:58:36","date_gmt":"2009-05-16T13:58:36","guid":{"rendered":"http:\/\/37.251.99.59:5000\/?p=69"},"modified":"2009-05-16T15:58:36","modified_gmt":"2009-05-16T13:58:36","slug":"srbi-putuju-na-izbore-u-hrvatsku","status":"publish","type":"post","link":"https:\/\/srcekrajine.org\/?p=69","title":{"rendered":"Srbi putuju na izbore u Hrvatsku"},"content":{"rendered":"<p class=\"lead\">Organizovanim i sopstvenim prevozom, oko 5.000 Srba krenulo je na glasanje u Hrvatsku. U pono\u0107 po\u010dela izborna ti\u0161ina pred lokalne izbore u Hrvatskoj.<\/p>\n<p>Lokalni izbori u Hrvatskoj odr\u017eavaju se u nedelju 17. maja, a u pono\u0107 je po\u010dela izborna ti\u0161ina.<\/p>\n<p>Po prvi put se direktno biraju \u017eupani, gradona\u010delnici i na\u010delnici, a naj\u017ee\u0161\u0107a bitka se o\u010dekuje za \u010delne ljude tri najve\u0107a grada &#8211; Zagrebu, Splitu i Osijeku, prenosi Fonet.<\/p>\n<p> <!--more--> <\/p>\n<p>Prva grupa izbeglica iz Hrvatske koji \u0107e glasati na lokalnim izborima, krenula je sino\u0107, organizovanim autobuskim prevozom iz Beograda.<\/p>\n<p>Za besplatan prevoz do bira\u010dkih mesta obezbe\u0111eno je oko 110 autobusa koji \u0107e iz Beograda i Novog Sada bira\u010de voziti do severne Dalmacije, Like, Korduna, Banije i zapadne Slavonije. <\/p>\n<p>Procene su da \u0107e na izbore u Hrvatskoj, organizovanim i sopstvenim prevozom, oti\u0107i vi\u0161e od 5 hiljada Srba.<\/p>\n<p>&#8222;Mi Srbi iz Hrvatske koji \u017eivimo u Srbiji, ovim zna\u010dajnim odazivom \u0161aljemo jednu zna\u010dajnu poruku da svoja prava \u017eelimo re\u0161avati na jedan demokratski, civilizovani na\u010din, da mi \u017eelimo jednu bolju Hrvatsku u kojoj \u0107e svi gra\u0111ani biti jednaki i u kojoj \u0107e svi gra\u0111ani, i Srbi i Hrvati ostvariti sva svoja prava, imovinska, statusna i ste\u010dajna&#8220;, rekao je RTS-u\u00a0predsednik &#8222;Koalicije udru\u017eenja izbeglica u Srbiji&#8220; Miodrag Linta.<\/p>\n<p>Danas\u00a0\u0107e iz Beograda krenuti jo\u0161 jedna grupa za Zapadnu Slavoniju, a u popodnevnim satima i 5 autobusa za Obrovac. <\/p>\n<p>Po Ustavnom zakonu na lokalnim izborima u Hrvatskoj, Srbi u oko 70 gradova i op\u0161tina imaju pravo na mesto zamenika na\u010delnika i zamenika gradona\u010delnika, a u oko 10 \u017eupanija na mesto zamenika \u017eupana. <\/p>\n<p>PTC-16.\u00a0maj\u00a02009 <\/p>\n","protected":false},"excerpt":{"rendered":"<p>Organizovanim i sopstvenim prevozom, oko 5.000 Srba krenulo je na glasanje u Hrvatsku. U pono\u0107 po\u010dela izborna ti\u0161ina pred lokalne izbore u Hrvatskoj. Lokalni izbori u Hrvatskoj odr\u017eavaju se u nedelju 17. maja, a u pono\u0107 je po\u010dela izborna ti\u0161ina. Po prvi put se direktno biraju \u017eupani, gradona\u010delnici i na\u010delnici, a naj\u017ee\u0161\u0107a bitka se o\u010dekuje [&hellip;]<\/p>\n","protected":false},"author":1,"featured_media":0,"comment_status":"open","ping_status":"open","sticky":false,"template":"","format":"standard","meta":{"footnotes":""},"categories":[1],"tags":[],"_links":{"self":[{"href":"https:\/\/srcekrajine.org\/index.php?rest_route=\/wp\/v2\/posts\/69"}],"collection":[{"href":"https:\/\/srcekrajine.org\/index.php?rest_route=\/wp\/v2\/posts"}],"about":[{"href":"https:\/\/srcekrajine.org\/index.php?rest_route=\/wp\/v2\/types\/post"}],"author":[{"embeddable":true,"href":"https:\/\/srcekrajine.org\/index.php?rest_route=\/wp\/v2\/users\/1"}],"replies":[{"embeddable":true,"href":"https:\/\/srcekrajine.org\/index.php?rest_route=%2Fwp%2Fv2%2Fcomments&post=69"}],"version-history":[{"count":0,"href":"https:\/\/srcekrajine.org\/index.php?rest_route=\/wp\/v2\/posts\/69\/revisions"}],"wp:attachment":[{"href":"https:\/\/srcekrajine.org\/index.php?rest_route=%2Fwp%2Fv2%2Fmedia&parent=69"}],"wp:term":[{"taxonomy":"category","embeddable":true,"href":"https:\/\/srcekrajine.org\/index.php?rest_route=%2Fwp%2Fv2%2Fcategories&post=69"},{"taxonomy":"post_tag","embeddable":true,"href":"https:\/\/srcekrajine.org\/index.php?rest_route=%2Fwp%2Fv2%2Ftags&post=69"}],"curies":[{"name":"wp","href":"https:\/\/api.w.org\/{rel}","templated":true}]}}