{"id":71,"date":"2009-05-17T06:25:46","date_gmt":"2009-05-17T04:25:46","guid":{"rendered":"http:\/\/37.251.99.59:5000\/?p=71"},"modified":"2009-05-17T06:25:46","modified_gmt":"2009-05-17T04:25:46","slug":"u-poseti-zatvorenicima","status":"publish","type":"post","link":"https:\/\/srcekrajine.org\/?p=71","title":{"rendered":"U poseti zatvorenicima"},"content":{"rendered":"<p class=\"style224\">Njegovo Preosve\u0161tenstvo Episkop Gerasim posjetio je  \t\tu karlova\u010dkom zatvoru Nenada Pejnovi\u0107a iz Vrhovina, koji je  \t\tnepravosna\u017enom odlukom suda u Karlovcu osu\u0111en na 6 godina zatvora.<\/p>\n<p class=\"style66\"><span class=\"style65\">Podsje\u0107amo da je Nenad Pejnovi\u0107  \t\tuhap\u0161en ili bolje re\u010deno otet od civilnih lica ispred svoje obiteljske  \t\tku\u0107e u Vrhovinama, koja su ga najpre ubacili u kombi, odvezli,  \t\tnemilosrdno pretukli a nakon toga<\/span><span class=\"style65\">\u00a0 \t\t<\/span><span class=\"style65\">pozvali policiju koja ga je uhapsila i  \t\todvela u pritvor..<\/span><\/p>\n<p> <!--more-->  \t\t<\/p>\n<p class=\"style66\"><span class=\"style65\">Postavlja se pitanje ko to u  \t\tRepublici Hrvatskoj koja je po svom ustavnom ure\u0111enju demokratska zemlja  \t\ti istovremeno kandidat<\/span><span class=\"style65\">\u00a0 \t\t<\/span><span class=\"style65\">za \u010dlanstvo u Evropskoj Uniji ima pravo<\/span><span class=\"style65\">\u00a0 \t\t<\/span><span class=\"style65\">i na osnovu \u010dega da hapsi, napada i prebija  \t\tljude, i da iako su poznati nadle\u017enim organima za isto nedelo ne  \t\todgovaraju. Ako je Nenad Pejnovi\u0107 bio osumnji\u010den za ratni zlo\u010din, za\u0161to  \t\tpolicija koja je znala da je Nenad kod svoje ku\u0107e nije odradila svoj deo  \t\tposla i onako kako je to po zakonu uhapsila Nenada Pejnovi\u0107a. Postoje li  \t\tto nekakvi javnosti nepoznati islednici koji po svom naho\u0111enju hapse,  \t\totimaju, tuku i odre\u0111uju ko je za \u0161ta kriv.Trebamo li biti zabrinuti za  \t\tsvoju bezbednost i sigurnost i da strepimo ho\u0107e li se i nama ovako ne\u0161to  \t\tdogoditi???<\/span><\/p>\n<p class=\"style250\">M.R.<\/p>\n<p class=\"style239\"><a name=\"1143\"><\/a><img loading=\"lazy\" decoding=\"async\" src=\"http:\/\/www.eparhija-gornjokarlovacka.hr\/Images\/zastavica%202.gif\" border=\"0\" width=\"115\" height=\"39\" \/><\/p>\n","protected":false},"excerpt":{"rendered":"<p>Njegovo Preosve\u0161tenstvo Episkop Gerasim posjetio je u karlova\u010dkom zatvoru Nenada Pejnovi\u0107a iz Vrhovina, koji je nepravosna\u017enom odlukom suda u Karlovcu osu\u0111en na 6 godina zatvora. Podsje\u0107amo da je Nenad Pejnovi\u0107 uhap\u0161en ili bolje re\u010deno otet od civilnih lica ispred svoje obiteljske ku\u0107e u Vrhovinama, koja su ga najpre ubacili u kombi, odvezli, nemilosrdno pretukli a [&hellip;]<\/p>\n","protected":false},"author":1,"featured_media":0,"comment_status":"open","ping_status":"open","sticky":false,"template":"","format":"standard","meta":{"footnotes":""},"categories":[1],"tags":[],"_links":{"self":[{"href":"https:\/\/srcekrajine.org\/index.php?rest_route=\/wp\/v2\/posts\/71"}],"collection":[{"href":"https:\/\/srcekrajine.org\/index.php?rest_route=\/wp\/v2\/posts"}],"about":[{"href":"https:\/\/srcekrajine.org\/index.php?rest_route=\/wp\/v2\/types\/post"}],"author":[{"embeddable":true,"href":"https:\/\/srcekrajine.org\/index.php?rest_route=\/wp\/v2\/users\/1"}],"replies":[{"embeddable":true,"href":"https:\/\/srcekrajine.org\/index.php?rest_route=%2Fwp%2Fv2%2Fcomments&post=71"}],"version-history":[{"count":0,"href":"https:\/\/srcekrajine.org\/index.php?rest_route=\/wp\/v2\/posts\/71\/revisions"}],"wp:attachment":[{"href":"https:\/\/srcekrajine.org\/index.php?rest_route=%2Fwp%2Fv2%2Fmedia&parent=71"}],"wp:term":[{"taxonomy":"category","embeddable":true,"href":"https:\/\/srcekrajine.org\/index.php?rest_route=%2Fwp%2Fv2%2Fcategories&post=71"},{"taxonomy":"post_tag","embeddable":true,"href":"https:\/\/srcekrajine.org\/index.php?rest_route=%2Fwp%2Fv2%2Ftags&post=71"}],"curies":[{"name":"wp","href":"https:\/\/api.w.org\/{rel}","templated":true}]}}