{"id":89,"date":"2009-05-28T07:40:36","date_gmt":"2009-05-28T05:40:36","guid":{"rendered":"http:\/\/37.251.99.59:5000\/?p=89"},"modified":"2009-05-28T07:40:36","modified_gmt":"2009-05-28T05:40:36","slug":"u-hakom-tribunalu-se-priprema-eksplozija-politike-bombe-svetskih-razmera","status":"publish","type":"post","link":"https:\/\/srcekrajine.org\/?p=89","title":{"rendered":"U Ha\u0161kom tribunalu se priprema eksplozija politi\u010dke \u201ebombe\u201c svetskih razmera"},"content":{"rendered":"<p align=\"justify\"><img loading=\"lazy\" decoding=\"async\" src=\"http:\/\/ruvr.ru\/files\/Image\/Europe\/Serbia\/Faces\/Karadzic%281%29.jpg\" border=\"0\" width=\"200\" height=\"301\" align=\"left\" \/>Po svemu sude\u0107i, Ha\u0161kom tribunalu, gde se sudi Radovanu Karad\u017ei\u0107u, priprema eksplozija politi\u010dke \u201ebombe\u201c svetskih razmera. Ovih dana biv\u0161i lider bosanskih Srba objavio je preko svog advokata izjavu na 140-stranica u kojoj je ispri\u010dao o tajnoj pogodbi sklopljenoj 1996. godine izmedju njega i tada\u0161njeg specijalnog izaslanika predsednika SAD za Balkan Ri\u010darda Holbruka. <br \/>Pre 13 godina Karad\u017ei\u0107u je bio obe\u0107an imunitet protiv sudskog gonjenja ukoliko dobrovoljno sidje sa politi\u010dke pozornice.<\/p>\n<p> <!--more--> <\/p>\n<p align=\"justify\"> Holbruk koji i danas zauzima visoki polo\u017eaj u ameri\u010dkoj diplomatskoj hijerarhiji priznaje da je upravo on ubedio srpskog lidera da nestane iz politike. Ali diplomata pori\u010de samu \u010dinjenicu pogodbe koju je sklopio kao zvani\u010dno lice sa ovla\u0161\u0107enjima SB UN. <br \/>Medjutim, biv\u0161i ministar Republike Srpske Aleksa Buha izjavljuje da je bio jedan od svedoka pogodbe koja je, prema njegovim re\u010dima, sklopljena u no\u0107i izmedju 18. i 19. jula 1996. godine u prisutnosti tada\u0161njeg predsednika Srbije Slobodana Milo\u0161evi\u0107a. Nakon toga je Karad\u017ei\u0107 nestao na 12 godina i svet ga je ponovo video tek u leto pro\u0161le godine kada je uhap\u0161en u Beogradu po nalogu Ha\u0161kog tribunala. <br \/>Podse\u0107amo da tu\u017eila\u010dka strana ni u slu\u010daju Slobodana Milo\u0161evi\u0107a, ni u slu\u010daju Vojislava \u0160e\u0161elja nije uspela da doka\u017ee njihovu krivicu. Po mi\u0161ljenju eksperta za Balkan Jelene Guskove, sudjenje Radovanu Karad\u017ei\u0107u mo\u017ee da postane kona\u010dan moralni fijasko Tribunala za biv\u0161u Jugoslaviju. <\/p>\n<p>Ha\u0161ki tribunal je trebalo da razmisli 10 puta pre hap\u0161enja Slobodana Milo\u0161evi\u0107a, \u0160e\u0161elja Karad\u017ei\u0107a i drugih rukovodilaca srpske dr\u017eave. Zahvaljuju\u0107i ovim procesima bi\u0107e otkriveni svi nedostaci delatnosti Ha\u0161kog tribunala i neobjektivnost medjunarodnih organizacija za vreme krize na tlu biv\u0161e Jugoslavije po\u010dev\u0161i od 91. godine. Sada, kada je re\u010d o Karad\u017ei\u0107u,sasvim je o\u010digledno da je on igra\u010dka u rukama politi\u010dara koji su ga prisilili da se povu\u010de. Sporazum koji se danas poku\u0161ava obelodaniti crni obraz SAD i u\u010dvr\u0161\u0107uje pozicije biv\u0161eg lidera bosanskih Srba u Ha\u0161kom tribunalu. <br \/>Smisao odbrane Karad\u017ei\u0107a potpuno je jasan \u2013 Tribunal mora da po\u0161tuje garancije za imunitet protiv sudskog gonjenja koje su mu date 1996. godine. Logika tada\u0161njih dejstava SAD takodje je razumljiva: bilo je, naime, preko potrebno da se bosanski Srbi po\u0161to-poto nateraju na izvr\u0161avanje Dejtonskog sporazuma koji je krnjio njihove interese. A u tu svrhu bilo je neophodno da se njihov lider koji je smetao postizanju toga po svaku cenu skine sa politi\u010dke pozornice. Ukoliko se Karad\u017ei\u0107 ipak proglasi krivim prema 11 ta\u010daka optu\u017enice, posebno za genocid i ratne zlo\u010dine, preti mu do\u017eivotna kazna zatvora. <\/p>\n<div align=\"right\">27.05.2009<\/div>\n<div align=\"right\">RUVR\u00a0<\/div>\n","protected":false},"excerpt":{"rendered":"<p>Po svemu sude\u0107i, Ha\u0161kom tribunalu, gde se sudi Radovanu Karad\u017ei\u0107u, priprema eksplozija politi\u010dke \u201ebombe\u201c svetskih razmera. Ovih dana biv\u0161i lider bosanskih Srba objavio je preko svog advokata izjavu na 140-stranica u kojoj je ispri\u010dao o tajnoj pogodbi sklopljenoj 1996. godine izmedju njega i tada\u0161njeg specijalnog izaslanika predsednika SAD za Balkan Ri\u010darda Holbruka. Pre 13 godina [&hellip;]<\/p>\n","protected":false},"author":1,"featured_media":0,"comment_status":"open","ping_status":"open","sticky":false,"template":"","format":"standard","meta":{"footnotes":""},"categories":[1],"tags":[],"_links":{"self":[{"href":"https:\/\/srcekrajine.org\/index.php?rest_route=\/wp\/v2\/posts\/89"}],"collection":[{"href":"https:\/\/srcekrajine.org\/index.php?rest_route=\/wp\/v2\/posts"}],"about":[{"href":"https:\/\/srcekrajine.org\/index.php?rest_route=\/wp\/v2\/types\/post"}],"author":[{"embeddable":true,"href":"https:\/\/srcekrajine.org\/index.php?rest_route=\/wp\/v2\/users\/1"}],"replies":[{"embeddable":true,"href":"https:\/\/srcekrajine.org\/index.php?rest_route=%2Fwp%2Fv2%2Fcomments&post=89"}],"version-history":[{"count":0,"href":"https:\/\/srcekrajine.org\/index.php?rest_route=\/wp\/v2\/posts\/89\/revisions"}],"wp:attachment":[{"href":"https:\/\/srcekrajine.org\/index.php?rest_route=%2Fwp%2Fv2%2Fmedia&parent=89"}],"wp:term":[{"taxonomy":"category","embeddable":true,"href":"https:\/\/srcekrajine.org\/index.php?rest_route=%2Fwp%2Fv2%2Fcategories&post=89"},{"taxonomy":"post_tag","embeddable":true,"href":"https:\/\/srcekrajine.org\/index.php?rest_route=%2Fwp%2Fv2%2Ftags&post=89"}],"curies":[{"name":"wp","href":"https:\/\/api.w.org\/{rel}","templated":true}]}}