{"id":92,"date":"2009-05-30T04:17:54","date_gmt":"2009-05-30T02:17:54","guid":{"rendered":"http:\/\/37.251.99.59:5000\/?p=92"},"modified":"2009-05-30T04:17:54","modified_gmt":"2009-05-30T02:17:54","slug":"hag-alje-nove-optunice","status":"publish","type":"post","link":"https:\/\/srcekrajine.org\/?p=92","title":{"rendered":"Hag \u0161alje nove optu\u017enice?"},"content":{"rendered":"<p>Ministar pravde BiH Bari\u0161a \u010colak potvrdio da se uskoro o\u010dekuje da Tribunal u Hagu dostavi nekoliko optu\u017enica u BiH.<\/p>\n<p>Re\u010d je o najmanje deset optu\u017enica uglavnom o zlo\u010dinima za koje su osumnji\u010deni Srbi na podru\u010dju BiH, od kojih ve\u0107ina \u017eivi i radi u Srbiji, ali i o optu\u017enicama protiv Hrvata, pi\u0161e &#8222;Ve\u010dernji list&#8220;, izdanje za BiH.<\/p>\n<p> <!--more--> &#8222;Ta\u010dno je da \u0107e jedan deo predmeta iz Ha\u0161kog suda da bude preba\u010den u BiH. Ali opet \u0107emo imati problem s obzirom da se optu\u017euju osobe koje nisu dr\u017eavljani BiH&#8220;, naveo je \u010colak.<\/p>\n<p>Re\u010d je o dovr\u0161enim istragama u Ha\u0161kom tu\u017eila\u0161tvu koje \u0107e biti dostavljene u Sarajevo, a posle toga \u0107e uz odre\u0111ene promene i prilago\u0111avanje doma\u0107em zakonodavstvu biti objavljene, saznaje &#8222;Ve\u010dernji list&#8220; iz izvora bliskih Tribunalu.<\/p>\n<p>Izvor ovog dnevnika navodi da je glavni ha\u0161ki tu\u017eilac Ser\u017e Bramerc nedavno predstavio vlastima u BiH da \u0107e istra\u017eni spisi koji govore uglavnom o zlo\u010dinima nad Bo\u0161njacima biti dostavljeni Tu\u017eila\u0161tvu BiH.<\/p>\n<p>Prema tome, mo\u017ee se o\u010dekivati raspisivanje poternica kojima \u0107e BiH parirati Beogradu, pi\u0161e &#8222;Ve\u010dernji list&#8220;. <\/p>\n<p>Mondo 28.05.2009<\/p>\n","protected":false},"excerpt":{"rendered":"<p>Ministar pravde BiH Bari\u0161a \u010colak potvrdio da se uskoro o\u010dekuje da Tribunal u Hagu dostavi nekoliko optu\u017enica u BiH. Re\u010d je o najmanje deset optu\u017enica uglavnom o zlo\u010dinima za koje su osumnji\u010deni Srbi na podru\u010dju BiH, od kojih ve\u0107ina \u017eivi i radi u Srbiji, ali i o optu\u017enicama protiv Hrvata, pi\u0161e &#8222;Ve\u010dernji list&#8220;, izdanje za [&hellip;]<\/p>\n","protected":false},"author":1,"featured_media":0,"comment_status":"open","ping_status":"open","sticky":false,"template":"","format":"standard","meta":{"footnotes":""},"categories":[1],"tags":[],"_links":{"self":[{"href":"https:\/\/srcekrajine.org\/index.php?rest_route=\/wp\/v2\/posts\/92"}],"collection":[{"href":"https:\/\/srcekrajine.org\/index.php?rest_route=\/wp\/v2\/posts"}],"about":[{"href":"https:\/\/srcekrajine.org\/index.php?rest_route=\/wp\/v2\/types\/post"}],"author":[{"embeddable":true,"href":"https:\/\/srcekrajine.org\/index.php?rest_route=\/wp\/v2\/users\/1"}],"replies":[{"embeddable":true,"href":"https:\/\/srcekrajine.org\/index.php?rest_route=%2Fwp%2Fv2%2Fcomments&post=92"}],"version-history":[{"count":0,"href":"https:\/\/srcekrajine.org\/index.php?rest_route=\/wp\/v2\/posts\/92\/revisions"}],"wp:attachment":[{"href":"https:\/\/srcekrajine.org\/index.php?rest_route=%2Fwp%2Fv2%2Fmedia&parent=92"}],"wp:term":[{"taxonomy":"category","embeddable":true,"href":"https:\/\/srcekrajine.org\/index.php?rest_route=%2Fwp%2Fv2%2Fcategories&post=92"},{"taxonomy":"post_tag","embeddable":true,"href":"https:\/\/srcekrajine.org\/index.php?rest_route=%2Fwp%2Fv2%2Ftags&post=92"}],"curies":[{"name":"wp","href":"https:\/\/api.w.org\/{rel}","templated":true}]}}