{"id":95,"date":"2009-06-02T07:29:17","date_gmt":"2009-06-02T05:29:17","guid":{"rendered":"http:\/\/37.251.99.59:5000\/?p=95"},"modified":"2009-06-02T07:29:17","modified_gmt":"2009-06-02T05:29:17","slug":"sveta-arhijerejska-liturgija-u-ponorima","status":"publish","type":"post","link":"https:\/\/srcekrajine.org\/?p=95","title":{"rendered":"Sveta Arhijerejska Liturgija u Ponorima"},"content":{"rendered":"<p><a href=\"http:\/\/www.eparhija-gornjokarlovacka.hr\/Images\/Novosti\/2009\/013-01.jpg\"> \t\t\t<img loading=\"lazy\" decoding=\"async\" class=\"style207\" src=\"http:\/\/www.eparhija-gornjokarlovacka.hr\/Images\/Novosti\/2009\/small\/013-01_small.jpg\" border=\"0\" width=\"146\" height=\"110\" \/><\/a><\/p>\n<p class=\"style66\"> \t\t<span class=\"style65\">Njegovo Preosve\u0161tenstvo Episkop gornjokarlova\u010dki G.G.  \t\tGerasim<\/span><span class=\"style65\">,<\/span><span class=\"style65\"> \t\t<\/span> \t\t<span class=\"style65\">u Nedelju Svetih otaca Prvog vaseljenskog sabora (31.  \t\tmaj)<\/span><span class=\"style65\">,<\/span><span class=\"style65\"> \t\t<\/span> \t\t<span class=\"style65\">uz saslu\u017eenje sve\u0161tenstva Eparhije gornjokarlova\u010dke<\/span><span class=\"style65\">,<\/span><span class=\"style65\"> \t\t<\/span> \t\t<span class=\"style65\">slu\u017eio je Svetu Arhijerejsku Liturgiju u Ponorima i tom  \t\tprilikom izvr\u0161io liturgijsko kr\u0161tenje g. Miroslava Ivan\u010devi\u0107a i njegove  \t\tporodice.<\/span><\/p>\n<p> <!--more--> <\/p>\n<p class=\"style66\"><span class=\"style65\"> \t\t<\/span><span> \t\t<\/span><\/p>\n<p class=\"style66\"> \t\t<span class=\"style65\">U svojoj besedi Episkop Gerasim \u010destitao je primanje  \t\tSvete kr\u0161tenje novoprosve\u0107enima, naglasiv\u0161i da je ovo veliki trenutak za  \t\tpravoslavnu zajednicu koja se sabrala na Svetoj Liturgiji svedo\u010de\u0107i  \t\tsvojim prisustvom primanje novih \u010dlanova u zajednicu vernih.<\/span><\/p>\n<p class=\"style66\"> \t\t<span><span class=\"style65\">Nakon Svete Liturgije, g. Miroslav Ivan\u010devi\u0107 u  \t\t\u010dast duhovnog ro\u0111enja svoje porodice, pripremio je trpezu ljubavi.<\/span><span class=\"style65\">\u00a0\u00a0 \t\t<\/span><\/span><\/p>\n<p class=\"style163\"><a href=\"http:\/\/www.eparhija-gornjokarlovacka.hr\/Images\/Novosti\/2009\/013-01.jpg\"> \t\t\t<\/a>\u00a0\u00a0 \t\t\t<a href=\"http:\/\/www.eparhija-gornjokarlovacka.hr\/Images\/Novosti\/2009\/013-03.jpg\"> \t\t\t<img loading=\"lazy\" decoding=\"async\" class=\"style207\" src=\"http:\/\/www.eparhija-gornjokarlovacka.hr\/Images\/Novosti\/2009\/small\/013-03_small.jpg\" border=\"0\" width=\"146\" height=\"110\" \/><\/a>\u00a0\u00a0 \t\t\t<a href=\"http:\/\/www.eparhija-gornjokarlovacka.hr\/Images\/Novosti\/2009\/013-04.jpg\"> \t\t\t<img loading=\"lazy\" decoding=\"async\" class=\"style207\" src=\"http:\/\/www.eparhija-gornjokarlovacka.hr\/Images\/Novosti\/2009\/small\/013-04_small.jpg\" border=\"0\" width=\"146\" height=\"110\" \/><\/a><\/p>\n<p class=\"style163\"><a href=\"http:\/\/www.eparhija-gornjokarlovacka.hr\/Images\/Novosti\/2009\/013-06.jpg\"> \t\t<img loading=\"lazy\" decoding=\"async\" class=\"style207\" src=\"http:\/\/www.eparhija-gornjokarlovacka.hr\/Images\/Novosti\/2009\/small\/013-06_small.jpg\" border=\"0\" width=\"146\" height=\"110\" \/><\/a>\u00a0\u00a0 \t\t<a href=\"http:\/\/www.eparhija-gornjokarlovacka.hr\/Images\/Novosti\/2009\/013-05.jpg\"> \t\t<img loading=\"lazy\" decoding=\"async\" class=\"style207\" src=\"http:\/\/www.eparhija-gornjokarlovacka.hr\/Images\/Novosti\/2009\/small\/013-05_small.jpg\" border=\"0\" width=\"146\" height=\"110\" \/><\/a>\u00a0\u00a0 \t\t<a href=\"http:\/\/www.eparhija-gornjokarlovacka.hr\/Images\/Novosti\/2009\/013-02.jpg\"> \t\t<img loading=\"lazy\" decoding=\"async\" class=\"style207\" src=\"http:\/\/www.eparhija-gornjokarlovacka.hr\/Images\/Novosti\/2009\/small\/013-02_small.jpg\" border=\"0\" width=\"146\" height=\"110\" \/><\/a><\/p>\n<p class=\"style166\"><a name=\"1145\"><\/a><\/p>\n<div style=\"text-align: center\"><img loading=\"lazy\" decoding=\"async\" src=\"http:\/\/www.eparhija-gornjokarlovacka.hr\/Images\/zastavica%202.gif\" border=\"0\" width=\"115\" height=\"39\" \/><\/div>\n<p>\u00a0<\/p>\n","protected":false},"excerpt":{"rendered":"<p>Njegovo Preosve\u0161tenstvo Episkop gornjokarlova\u010dki G.G. Gerasim, u Nedelju Svetih otaca Prvog vaseljenskog sabora (31. maj), uz saslu\u017eenje sve\u0161tenstva Eparhije gornjokarlova\u010dke, slu\u017eio je Svetu Arhijerejsku Liturgiju u Ponorima i tom prilikom izvr\u0161io liturgijsko kr\u0161tenje g. Miroslava Ivan\u010devi\u0107a i njegove porodice.<\/p>\n","protected":false},"author":1,"featured_media":0,"comment_status":"open","ping_status":"open","sticky":false,"template":"","format":"standard","meta":{"footnotes":""},"categories":[1],"tags":[],"_links":{"self":[{"href":"https:\/\/srcekrajine.org\/index.php?rest_route=\/wp\/v2\/posts\/95"}],"collection":[{"href":"https:\/\/srcekrajine.org\/index.php?rest_route=\/wp\/v2\/posts"}],"about":[{"href":"https:\/\/srcekrajine.org\/index.php?rest_route=\/wp\/v2\/types\/post"}],"author":[{"embeddable":true,"href":"https:\/\/srcekrajine.org\/index.php?rest_route=\/wp\/v2\/users\/1"}],"replies":[{"embeddable":true,"href":"https:\/\/srcekrajine.org\/index.php?rest_route=%2Fwp%2Fv2%2Fcomments&post=95"}],"version-history":[{"count":0,"href":"https:\/\/srcekrajine.org\/index.php?rest_route=\/wp\/v2\/posts\/95\/revisions"}],"wp:attachment":[{"href":"https:\/\/srcekrajine.org\/index.php?rest_route=%2Fwp%2Fv2%2Fmedia&parent=95"}],"wp:term":[{"taxonomy":"category","embeddable":true,"href":"https:\/\/srcekrajine.org\/index.php?rest_route=%2Fwp%2Fv2%2Fcategories&post=95"},{"taxonomy":"post_tag","embeddable":true,"href":"https:\/\/srcekrajine.org\/index.php?rest_route=%2Fwp%2Fv2%2Ftags&post=95"}],"curies":[{"name":"wp","href":"https:\/\/api.w.org\/{rel}","templated":true}]}}