{"id":96,"date":"2009-06-02T07:36:33","date_gmt":"2009-06-02T05:36:33","guid":{"rendered":"http:\/\/37.251.99.59:5000\/?p=96"},"modified":"2009-06-02T07:36:33","modified_gmt":"2009-06-02T05:36:33","slug":"drama-iza-scene","status":"publish","type":"post","link":"https:\/\/srcekrajine.org\/?p=96","title":{"rendered":"Drama iza scene"},"content":{"rendered":"<p><img decoding=\"async\" src=\"http:\/\/forum.krstarica.com\/picture.php?albumid=1313&#038;pictureid=23072\" border=\"0\" alt=\"Bogdan Dikli\u0107 glumac\" title=\"Bogdan Dikli\u0107 glumac\" \/> \t\t \t\t \t\t \t\t\t \t\t\t\t<em>Bogdan Dikli\u0107<br \/> glumac<\/em><\/p>\n<p> Poznati glumac Bogdan Dikli\u0107 do\u017eiveo je plu\u0107ni infarkt prilikom nastupa na Sterijinom pozorju u nedelju uve\u010de i hospitalizovan je na Institutu za plu\u0107ne bolesti Vojvodine.<\/p>\n<p> <!--more--> <\/p>\n<p> Dikli\u0107u je pozlilo tokom predstave \u201eKandid i optimizam\u201d koja je odigrana preksino\u0107 u SNP-u. Glumac je odigrao ve\u0107i deo predstave i da bi se u jednom trenutku, kada je iza\u0161ao sa scene, sru\u0161io na pod. Publika nije znala da se u toku predstave odigravala i prava drama iza scene. <br \/> &#8211; Hitna pomo\u0107 je brzo do\u0161la, reanimirali su ga i odvezli na Institut u Sremskoj Kamenici. Predstava je odigrana do kraja, a gledaoci su mogli da vide da nedostaje Bogdan Dikli\u0107 tek kad su glumci iza\u0161li da se poklone publici na kraju predstave &#8211; izjavila je za \u201eBlic\u201d Tijana Deli\u0107, portparol Sterijinog pozorja. <br \/> Konzilijum lekara Instituta za kardiovaskularne bolesti i Instituta za plu\u0107ne bolesti Vojvodine saop\u0161tio je ju\u010de po podne \u201eda je stanje bolesnika Bogdana Dikli\u0107a i dalje te\u0161ko, ali stabilizovano i da \u0107e zbog postojanja plu\u0107ne tromboembolije njegovo le\u010denje nastaviti dalje na Institut za plu\u0107ne bolesti Vojvodine\u201d. Na\u0161 izvor sa Instituta ka\u017ee da je Dikli\u0107 svestan, kao i da je saop\u0161tenje o stanju poznatog glumca izdato uz njegovu saglasnost.<\/p>\n<p style=\"text-align: right\">A. S.<\/p>\n","protected":false},"excerpt":{"rendered":"<p>Bogdan Dikli\u0107 glumac Poznati glumac Bogdan Dikli\u0107 do\u017eiveo je plu\u0107ni infarkt prilikom nastupa na Sterijinom pozorju u nedelju uve\u010de i hospitalizovan je na Institutu za plu\u0107ne bolesti Vojvodine.<\/p>\n","protected":false},"author":1,"featured_media":0,"comment_status":"open","ping_status":"open","sticky":false,"template":"","format":"standard","meta":{"footnotes":""},"categories":[1],"tags":[],"_links":{"self":[{"href":"https:\/\/srcekrajine.org\/index.php?rest_route=\/wp\/v2\/posts\/96"}],"collection":[{"href":"https:\/\/srcekrajine.org\/index.php?rest_route=\/wp\/v2\/posts"}],"about":[{"href":"https:\/\/srcekrajine.org\/index.php?rest_route=\/wp\/v2\/types\/post"}],"author":[{"embeddable":true,"href":"https:\/\/srcekrajine.org\/index.php?rest_route=\/wp\/v2\/users\/1"}],"replies":[{"embeddable":true,"href":"https:\/\/srcekrajine.org\/index.php?rest_route=%2Fwp%2Fv2%2Fcomments&post=96"}],"version-history":[{"count":0,"href":"https:\/\/srcekrajine.org\/index.php?rest_route=\/wp\/v2\/posts\/96\/revisions"}],"wp:attachment":[{"href":"https:\/\/srcekrajine.org\/index.php?rest_route=%2Fwp%2Fv2%2Fmedia&parent=96"}],"wp:term":[{"taxonomy":"category","embeddable":true,"href":"https:\/\/srcekrajine.org\/index.php?rest_route=%2Fwp%2Fv2%2Fcategories&post=96"},{"taxonomy":"post_tag","embeddable":true,"href":"https:\/\/srcekrajine.org\/index.php?rest_route=%2Fwp%2Fv2%2Ftags&post=96"}],"curies":[{"name":"wp","href":"https:\/\/api.w.org\/{rel}","templated":true}]}}